{"id":858,"date":"2025-09-11T20:57:50","date_gmt":"2025-09-11T18:57:50","guid":{"rendered":"https:\/\/rifpost.com\/es_es\/?p=858"},"modified":"2025-09-13T22:17:54","modified_gmt":"2025-09-13T20:17:54","slug":"el-espejo-incomodo-de-la-shoa-al-genocidio-palestino","status":"publish","type":"post","link":"https:\/\/rifpost.com\/es_es\/el-espejo-incomodo-de-la-shoa-al-genocidio-palestino\/","title":{"rendered":"El espejo inc\u00f3modo: de la Sho\u00e1 al genocidio palestino"},"content":{"rendered":"\n<p><\/p>\n\n\n\n<h2 class=\"wp-block-heading\">Cisjordania y Gaza: las im\u00e1genes que comparan a Israel con la Alemania nazi<\/h2>\n\n\n\n<figure class=\"wp-block-video\"><video controls src=\"https:\/\/rifpost.com\/wp-content\/uploads\/2025\/09\/VID-20250913-WA0013.mp4\"><\/video><figcaption class=\"wp-element-caption\">Cortes\u00eda de Spanish Revolution<\/figcaption><\/figure>\n\n\n\n<p><br \/>Un v\u00eddeo que circula en redes ha vuelto a sacudir conciencias al mostrar una realidad que demasiados prefieren ignorar. La pieza intercala im\u00e1genes recientes de Cisjordania y Gaza con un paralelismo brutal: lo que hoy viven los palestinos recuerda demasiado a lo que los jud\u00edos sufrieron en la Alemania nazi de los a\u00f1os treinta. La comparaci\u00f3n no es gratuita ni exagerada; es el propio lenguaje visual y pol\u00edtico el que fuerza a verla.<br \/><br \/>En la primera secuencia, cientos de hombres palestinos aparecen alineados y bajo la custodia de soldados fuertemente armados. El montaje aclara: no es archivo hist\u00f3rico, no es 1940 en Europa, es Cisjordania ayer mismo. Seg\u00fan la denuncia, m\u00e1s de 1.500 palestinos fueron \u201csecuestrados\u201d en un solo d\u00eda, llevados a centros de detenci\u00f3n donde las leyes israel\u00edes permiten retenerlos indefinidamente, sin juicio ni cargos. El dato escalofriante que aporta el v\u00eddeo: m\u00e1s de 11.000 palestinos son hoy rehenes en c\u00e1rceles israel\u00edes, y al menos 3.500 est\u00e1n encerrados sin acusaci\u00f3n formal alguna.<br \/><br \/>El foco cambia entonces a Gaza, ese rinc\u00f3n convertido en jaula de ruinas. Se ven casas destrozadas, ni\u00f1os que lloran, familias que cargan lo poco que queda en carros tirados por burros. Entre esas escenas, aparece un recorte de la BBC: la orden israel\u00ed de evacuar la Ciudad de Gaza. El montaje es tajante: esa orden equivale a una \u201csoluci\u00f3n final\u201d. Y en la disyuntiva que plantea la narraci\u00f3n est\u00e1 todo el drama: huir a un vac\u00edo sin agua, sin techo, sin pan\u2026 o quedarse en casa esperando una muerte casi segura.<br \/><br \/>La pieza se cierra con protestas en distintas ciudades, pancartas que gritan \u201cStop Genocide\u201d y voces que llaman a la acci\u00f3n. El mensaje no es meramente informativo: es un toque de rebeld\u00eda, un golpe a la conciencia colectiva. Nos interpela directamente con un triple mandato: \u201cOrgan\u00edzate, Reb\u00e9late, Lucha\u201d.<br \/><br \/>Lo inc\u00f3modo para Occidente es que mientras se rasga las vestiduras por otros conflictos, aqu\u00ed calla, tolera o incluso justifica. Ese silencio c\u00f3mplice pesa tanto como las bombas que caen en Gaza.<br \/><br \/>Al final, lo que este v\u00eddeo nos recuerda es que la historia no siempre avanza en l\u00ednea recta. A veces retrocede y nos devuelve los mismos horrores con distinto uniforme. Y cuando el verdugo de ayer se convierte en el verdugo de hoy, el deber moral es a\u00fan mayor: mirar de frente, denunciar y no callar.<\/p>\n","protected":false},"excerpt":{"rendered":"<p>Cisjordania y Gaza: las im\u00e1genes que comparan a Israel con la Alemania nazi<\/p>\n","protected":false},"author":2,"featured_media":862,"comment_status":"open","ping_status":"open","sticky":false,"template":"","format":"standard","meta":{"_monsterinsights_skip_tracking":false,"_monsterinsights_sitenote_active":false,"_monsterinsights_sitenote_note":"","_monsterinsights_sitenote_category":0,"_uf_show_specific_survey":0,"_uf_disable_surveys":false,"footnotes":""},"categories":[92,31,114,41,895],"tags":[2138,2143,1893,1804,2141,2142,36,2139,2140,2145,38,2146,1861,1641,2144,2147],"class_list":["post-858","post","type-post","status-publish","format-standard","has-post-thumbnail","hentry","category-impactante","category-internacional","category-melilla","category-politica","category-sociedad","tag-cisjordania","tag-comparacion-con-nazismo","tag-crimenes-de-guerra","tag-derechos-humanos-palestina","tag-detenciones-masivas","tag-ejercito-israeli","tag-gaza","tag-genocidio-israeli","tag-genocidio-palestino","tag-israel-gaza-2025","tag-palestina","tag-protesta-palestina","tag-resistencia-palestina","tag-rifpost","tag-solucion-final","tag-stop-genocide"],"aioseo_notices":[],"_links":{"self":[{"href":"https:\/\/rifpost.com\/es_es\/wp-json\/wp\/v2\/posts\/858","targetHints":{"allow":["GET"]}}],"collection":[{"href":"https:\/\/rifpost.com\/es_es\/wp-json\/wp\/v2\/posts"}],"about":[{"href":"https:\/\/rifpost.com\/es_es\/wp-json\/wp\/v2\/types\/post"}],"author":[{"embeddable":true,"href":"https:\/\/rifpost.com\/es_es\/wp-json\/wp\/v2\/users\/2"}],"replies":[{"embeddable":true,"href":"https:\/\/rifpost.com\/es_es\/wp-json\/wp\/v2\/comments?post=858"}],"version-history":[{"count":6,"href":"https:\/\/rifpost.com\/es_es\/wp-json\/wp\/v2\/posts\/858\/revisions"}],"predecessor-version":[{"id":866,"href":"https:\/\/rifpost.com\/es_es\/wp-json\/wp\/v2\/posts\/858\/revisions\/866"}],"wp:featuredmedia":[{"embeddable":true,"href":"https:\/\/rifpost.com\/es_es\/wp-json\/wp\/v2\/media\/862"}],"wp:attachment":[{"href":"https:\/\/rifpost.com\/es_es\/wp-json\/wp\/v2\/media?parent=858"}],"wp:term":[{"taxonomy":"category","embeddable":true,"href":"https:\/\/rifpost.com\/es_es\/wp-json\/wp\/v2\/categories?post=858"},{"taxonomy":"post_tag","embeddable":true,"href":"https:\/\/rifpost.com\/es_es\/wp-json\/wp\/v2\/tags?post=858"}],"curies":[{"name":"wp","href":"https:\/\/api.w.org\/{rel}","templated":true}]}}