{"id":853,"date":"2025-09-08T23:00:33","date_gmt":"2025-09-08T21:00:33","guid":{"rendered":"https:\/\/rifpost.com\/es_es\/?p=853"},"modified":"2025-09-10T21:30:28","modified_gmt":"2025-09-10T19:30:28","slug":"islam-y-democracia-el-cliche-barato-que-convirtio-a-perez-reverte-en-tertuliano-de-taberna","status":"publish","type":"post","link":"https:\/\/rifpost.com\/es_es\/islam-y-democracia-el-cliche-barato-que-convirtio-a-perez-reverte-en-tertuliano-de-taberna\/","title":{"rendered":"Islam y democracia: el clich\u00e9 barato que convirti\u00f3 a P\u00e9rez-Reverte en tertuliano de taberna"},"content":{"rendered":"\n<figure class=\"wp-block-image size-large\"><img loading=\"lazy\" decoding=\"async\" width=\"828\" height=\"552\" src=\"https:\/\/rifpost.com\/wp-content\/uploads\/2025\/09\/175696520947326430381913545984712.webp\" alt=\"\" class=\"wp-image-852\" srcset=\"https:\/\/rifpost.com\/wp-content\/uploads\/2025\/09\/175696520947326430381913545984712.webp 828w, https:\/\/rifpost.com\/wp-content\/uploads\/2025\/09\/175696520947326430381913545984712-300x200.webp 300w, https:\/\/rifpost.com\/wp-content\/uploads\/2025\/09\/175696520947326430381913545984712-768x512.webp 768w, https:\/\/rifpost.com\/wp-content\/uploads\/2025\/09\/175696520947326430381913545984712-18x12.webp 18w\" sizes=\"auto, (max-width: 828px) 100vw, 828px\" \/><figcaption class=\"wp-element-caption\">Arturo P\u00e9rez-Reverte &#8211; Atresmedia<\/figcaption><\/figure>\n\n\n\n<h2 class=\"wp-block-heading\">Islam y democracia: el prejuicio de P\u00e9rez-Reverte en prime time<\/h2>\n\n\n\n<p><br>En El Hormiguero vimos otra vez la escena de siempre: Arturo P\u00e9rez-Reverte lanzando una frase lapidaria, Pablo Motos asintiendo y el p\u00fablico aplaudiendo. El eslogan fue este: \u201cel islam es incompatible con la democracia\u201d. Rotundo. Contundente. Y profundamente falso.<br><br>El islam no es un bloque uniforme ni una rareza cultural. Es una civilizaci\u00f3n de m\u00e1s de catorce siglos con un libro revelado que ha inspirado justicia, consulta, convivencia y respeto a la dignidad humana. Mientras Europa quemaba herejes en plazas p\u00fablicas, el mundo isl\u00e1mico levantaba universidades, hospitales y bibliotecas abiertas al conocimiento. Eso, Arturo, tambi\u00e9n es democracia.<br><br>El problema no es el islam. El problema es el clich\u00e9. Reducir a casi dos mil millones de creyentes a una caricatura vende titulares, insulta a la inteligencia. Es c\u00f3modo repetirlo en televisi\u00f3n: suena fuerte, provoca aplausos y evita la incomodidad de leer historia de verdad.<br><br>Pero lo m\u00e1s grave es la incoherencia. Se\u00f1alar al islam como enemigo de la democracia mientras se guarda silencio ante la barbarie israel\u00ed en Gaza es un doble rasero intolerable. \u00bfBombardear ni\u00f1os, arrasar hospitales, asesinar familias enteras? Eso parece \u201ccompatible\u201d con la democracia para los que callan. Pero una mujer con hiyab, no.<br><br>El islam no teme a la democracia. El islam teme a la injusticia. Y hoy la injusticia tiene nombre y apellido: el genocidio que Israel perpetra a diario mientras los altavoces europeos miran a otro lado.<br><br>As\u00ed que el mensaje es claro, Arturo: tu islam no existe. Lo has inventado para que encaje en una frase ingeniosa. Y si algo es realmente incompatible con la democracia, no es el islam, sino el cinismo de quienes usan el dolor ajeno para fabricar dogmas de plat\u00f3.<\/p>\n\n\n\n<p><\/p>\n","protected":false},"excerpt":{"rendered":"<p>Islam y democracia: el prejuicio de P\u00e9rez-Reverte en prime time En El Hormiguero vimos otra vez la escena de siempre: Arturo P\u00e9rez-Reverte lanzando una frase lapidaria, Pablo Motos asintiendo y el p\u00fablico aplaudiendo. El eslogan fue este: \u201cel islam es incompatible con la democracia\u201d. Rotundo. Contundente. Y profundamente falso. El islam no es un bloque uniforme ni <a href=\"https:\/\/rifpost.com\/es_es\/islam-y-democracia-el-cliche-barato-que-convirtio-a-perez-reverte-en-tertuliano-de-taberna\/\" class=\"read-more-link\">[Seguir leyendo&#8230;]<\/a><\/p>\n","protected":false},"author":2,"featured_media":851,"comment_status":"open","ping_status":"open","sticky":false,"template":"","format":"standard","meta":{"_monsterinsights_skip_tracking":false,"_monsterinsights_sitenote_active":false,"_monsterinsights_sitenote_note":"","_monsterinsights_sitenote_category":0,"_uf_show_specific_survey":0,"_uf_disable_surveys":false,"footnotes":""},"categories":[25,42,31,895],"tags":[2125,2112,2134,2123,2000,2121,2115,2110,2109,2122,2111,2108,2128,2117,2126,2114,2113,2131,2135,2120,2014,2119,2013,2137,2116,2127,2118,2136,2130,2129,2133,2132,2124],"class_list":["post-853","post","type-post","status-publish","format-standard","has-post-thumbnail","hentry","category-curiosidades","category-espana","category-internacional","category-sociedad","tag-criticas-perez-reverte-islam","tag-democracia-paises-musulmanes","tag-doble-rasero-israel-islam","tag-entrevista-perez-reverte-el-hormiguero","tag-islam-en-europa","tag-islam-espana","tag-islam-indonesia","tag-islam-modernidad","tag-islam-occidente","tag-islam-opinion-perez-reverte","tag-islam-pluralidad","tag-islam-politica","tag-islam-prejuicios","tag-islam-religion-politica","tag-islam-rifpost","tag-islam-tunez","tag-islam-turquia","tag-islam-y-barbarie-israel","tag-islam-y-colonialismo","tag-islam-y-cultura","tag-islam-y-democracia","tag-islam-y-derechos-civiles","tag-islam-y-derechos-humanos","tag-islam-y-derechos-sociales","tag-islam-y-libertad","tag-islam-y-medios-de-comunicacion","tag-islam-y-mujeres","tag-islam-y-oriente-proximo","tag-islam-y-sociedad","tag-islam-y-terrorismo","tag-israel-democracia-falsa","tag-israel-gaza-barbarie","tag-perez-reverte-islam-democracia"],"aioseo_notices":[],"_links":{"self":[{"href":"https:\/\/rifpost.com\/es_es\/wp-json\/wp\/v2\/posts\/853","targetHints":{"allow":["GET"]}}],"collection":[{"href":"https:\/\/rifpost.com\/es_es\/wp-json\/wp\/v2\/posts"}],"about":[{"href":"https:\/\/rifpost.com\/es_es\/wp-json\/wp\/v2\/types\/post"}],"author":[{"embeddable":true,"href":"https:\/\/rifpost.com\/es_es\/wp-json\/wp\/v2\/users\/2"}],"replies":[{"embeddable":true,"href":"https:\/\/rifpost.com\/es_es\/wp-json\/wp\/v2\/comments?post=853"}],"version-history":[{"count":2,"href":"https:\/\/rifpost.com\/es_es\/wp-json\/wp\/v2\/posts\/853\/revisions"}],"predecessor-version":[{"id":855,"href":"https:\/\/rifpost.com\/es_es\/wp-json\/wp\/v2\/posts\/853\/revisions\/855"}],"wp:featuredmedia":[{"embeddable":true,"href":"https:\/\/rifpost.com\/es_es\/wp-json\/wp\/v2\/media\/851"}],"wp:attachment":[{"href":"https:\/\/rifpost.com\/es_es\/wp-json\/wp\/v2\/media?parent=853"}],"wp:term":[{"taxonomy":"category","embeddable":true,"href":"https:\/\/rifpost.com\/es_es\/wp-json\/wp\/v2\/categories?post=853"},{"taxonomy":"post_tag","embeddable":true,"href":"https:\/\/rifpost.com\/es_es\/wp-json\/wp\/v2\/tags?post=853"}],"curies":[{"name":"wp","href":"https:\/\/api.w.org\/{rel}","templated":true}]}}