{"id":846,"date":"2025-09-05T10:00:07","date_gmt":"2025-09-05T08:00:07","guid":{"rendered":"https:\/\/rifpost.com\/es_es\/?p=846"},"modified":"2025-09-07T19:52:11","modified_gmt":"2025-09-07T17:52:11","slug":"nasser-zefzafi-sale-de-prision-por-un-dia-patriota-pese-a-la-tragedia-familiar","status":"publish","type":"post","link":"https:\/\/rifpost.com\/es_es\/nasser-zefzafi-sale-de-prision-por-un-dia-patriota-pese-a-la-tragedia-familiar\/","title":{"rendered":"Nasser Zefzafi sale de prisi\u00f3n por un d\u00eda: patriota pese a la tragedia familiar"},"content":{"rendered":"\n<p><br>Rabat \/ Al Hoceima \u2013 El l\u00edder del movimiento Hirak del Rif, Nasser Zefzafi, recibi\u00f3 un permiso excepcional de las autoridades penitenciarias marroqu\u00edes para salir de la c\u00e1rcel de T\u00e1nger II y asistir al funeral de su padre, Ahmed Zefzafi, fallecido tras una larga enfermedad. La imagen de Zefzafi en Al Hoceima, junto a miles de personas, volvi\u00f3 a colocar su figura en el centro del debate pol\u00edtico y social marroqu\u00ed.<br><br><strong>Un discurso de unidad nacional<\/strong><br><br>Durante el funeral, Zefzafi sorprendi\u00f3 con un mensaje contundente de reconciliaci\u00f3n patri\u00f3tica:<br>\u201cEl inter\u00e9s de la patria est\u00e1 por encima de cualquier otro inter\u00e9s. Y cuando hablo de patria me refiero al S\u00e1hara, al sur, al norte (el Rif), al este y al oeste.\u201d<br><br>Lejos de alimentar divisiones, el exl\u00edder del Hirak quiso dejar claro que su compromiso no se limita al Rif, sino a todo Marruecos. Con esas palabras, rompi\u00f3 etiquetas que durante a\u00f1os lo presentaban como separatista, y dio un giro simb\u00f3lico hacia la unidad territorial.<br><br><strong>Reconocimiento a la administraci\u00f3n penitenciaria<\/strong><br><br>En medio de la emoci\u00f3n, Zefzafi tambi\u00e9n expres\u00f3 agradecimiento a la administraci\u00f3n penitenciaria, que le permiti\u00f3 asistir al entierro:<br>\u201cEste gesto no habr\u00eda sido posible sin la gracia de Dios primero, y luego sin la labor de la administraci\u00f3n.\u201d<br><br>Un mensaje que, m\u00e1s all\u00e1 de lo personal, fue le\u00eddo como un intento de tender puentes en un contexto de tensiones hist\u00f3ricas entre el Estado y el movimiento rifense.<br><br><strong>El peso del s\u00edmbolo: \u201cel padre de los hombres libres\u201d<\/strong><br><br>En un momento cargado de emoci\u00f3n, Zefzafi describi\u00f3 a su padre como \u201cel padre de los hombres y mujeres libres\u201d, reafirmando el papel moral de Ahmed Zefzafi dentro del Hirak y en la conciencia colectiva de muchos rife\u00f1os. Su figura fue recordada como ejemplo de dignidad y resistencia pac\u00edfica.<br><br><strong>Contexto y repercusiones pol\u00edticas<\/strong><br><br>El permiso concedido a Zefzafi llega mientras sigue cumpliendo una condena de 20 a\u00f1os por encabezar las protestas del Hirak en 2017. La decisi\u00f3n, tomada en un momento de duelo, refleja cierta sensibilidad institucional. Al mismo tiempo, la aparici\u00f3n p\u00fablica de Zefzafi ha renovado las voces de organizaciones de derechos humanos que exigen la liberaci\u00f3n de todos los presos del Hirak.<br><br>M\u00e1s all\u00e1 del simbolismo inmediato, su discurso patri\u00f3tico ha abierto un debate en Marruecos: \u00bfestamos ante un posible inicio de reconciliaci\u00f3n o simplemente ante un gesto puntual por motivos humanitarios?<br><br><strong>Conclusi\u00f3n<\/strong><br><br>El regreso temporal de Nasser Zefzafi a su tierra natal fue breve, pero su mensaje reson\u00f3 con fuerza. En medio de la tragedia familiar, se mostr\u00f3 como un patriota que sit\u00faa a Marruecos por encima de todo. Un discurso que puede marcar un antes y un despu\u00e9s en la percepci\u00f3n p\u00fablica de su figura.<br><br>\u00bfCrees que el caso de Zefzafi puede abrir un camino hacia la reconciliaci\u00f3n entre el Estado y el Rif? D\u00e9janos tu opini\u00f3n en los comentarios y comparte este art\u00edculo. <\/p>\n","protected":false},"excerpt":{"rendered":"<p>Rabat \/ Al Hoceima \u2013 El l\u00edder del movimiento Hirak del Rif, Nasser Zefzafi, recibi\u00f3 un permiso excepcional de las autoridades penitenciarias marroqu\u00edes para salir de la c\u00e1rcel de T\u00e1nger II y asistir al funeral de su padre, Ahmed Zefzafi, fallecido tras una larga enfermedad. La imagen de Zefzafi en Al Hoceima, junto a miles de personas, <a href=\"https:\/\/rifpost.com\/es_es\/nasser-zefzafi-sale-de-prision-por-un-dia-patriota-pese-a-la-tragedia-familiar\/\" class=\"read-more-link\">[Seguir leyendo&#8230;]<\/a><\/p>\n","protected":false},"author":2,"featured_media":845,"comment_status":"open","ping_status":"open","sticky":false,"template":"","format":"standard","meta":{"_monsterinsights_skip_tracking":false,"_monsterinsights_sitenote_active":false,"_monsterinsights_sitenote_note":"","_monsterinsights_sitenote_category":0,"_uf_show_specific_survey":0,"_uf_disable_surveys":false,"footnotes":""},"categories":[379,41,1600,895],"tags":[2103,2105,2102,2101,2104,2107,2106],"class_list":["post-846","post","type-post","status-publish","format-standard","has-post-thumbnail","hentry","category-marruecos","category-politica","category-rif","category-sociedad","tag-ahmed-zefzafi-funeral","tag-discurso-patriotico-zefzafi","tag-hirak-del-rif","tag-nasser-zefzafi","tag-permiso-excepcional-prision-marruecos","tag-presos-del-hirak","tag-unidad-nacional-marruecos"],"aioseo_notices":[],"_links":{"self":[{"href":"https:\/\/rifpost.com\/es_es\/wp-json\/wp\/v2\/posts\/846","targetHints":{"allow":["GET"]}}],"collection":[{"href":"https:\/\/rifpost.com\/es_es\/wp-json\/wp\/v2\/posts"}],"about":[{"href":"https:\/\/rifpost.com\/es_es\/wp-json\/wp\/v2\/types\/post"}],"author":[{"embeddable":true,"href":"https:\/\/rifpost.com\/es_es\/wp-json\/wp\/v2\/users\/2"}],"replies":[{"embeddable":true,"href":"https:\/\/rifpost.com\/es_es\/wp-json\/wp\/v2\/comments?post=846"}],"version-history":[{"count":1,"href":"https:\/\/rifpost.com\/es_es\/wp-json\/wp\/v2\/posts\/846\/revisions"}],"predecessor-version":[{"id":847,"href":"https:\/\/rifpost.com\/es_es\/wp-json\/wp\/v2\/posts\/846\/revisions\/847"}],"wp:featuredmedia":[{"embeddable":true,"href":"https:\/\/rifpost.com\/es_es\/wp-json\/wp\/v2\/media\/845"}],"wp:attachment":[{"href":"https:\/\/rifpost.com\/es_es\/wp-json\/wp\/v2\/media?parent=846"}],"wp:term":[{"taxonomy":"category","embeddable":true,"href":"https:\/\/rifpost.com\/es_es\/wp-json\/wp\/v2\/categories?post=846"},{"taxonomy":"post_tag","embeddable":true,"href":"https:\/\/rifpost.com\/es_es\/wp-json\/wp\/v2\/tags?post=846"}],"curies":[{"name":"wp","href":"https:\/\/api.w.org\/{rel}","templated":true}]}}