{"id":843,"date":"2025-09-07T19:01:56","date_gmt":"2025-09-07T17:01:56","guid":{"rendered":"https:\/\/rifpost.com\/es_es\/?p=843"},"modified":"2025-09-07T19:04:39","modified_gmt":"2025-09-07T17:04:39","slug":"protestas-en-la-vuelta-espana-presiona-a-netanyahu-mientras-sumar-exige-sanciones","status":"publish","type":"post","link":"https:\/\/rifpost.com\/es_es\/protestas-en-la-vuelta-espana-presiona-a-netanyahu-mientras-sumar-exige-sanciones\/","title":{"rendered":"Protestas en la Vuelta: Espa\u00f1a presiona a Netanyahu mientras Sumar exige sanciones"},"content":{"rendered":"\n<p><br>Madrid \/ Barcelona \u2013 La Vuelta a Espa\u00f1a no solo es un espect\u00e1culo deportivo, sino tambi\u00e9n un term\u00f3metro del clima social y pol\u00edtico. En plena carrera, las protestas a favor de Palestina impactan el recorrido y elevan la tensi\u00f3n diplom\u00e1tica. Mientras tanto, partidos como Sumar intensifican la presi\u00f3n contra Israel y Benjamin Netanyahu, exigiendo medidas concretas desde el Gobierno espa\u00f1ol. Un claro ejemplo de c\u00f3mo deporte y pol\u00edtica se entrelazan.<br><br><strong>Protestas en la Vuelta: el deporte como escenario pol\u00edtico<\/strong><br><br>Durante varias etapas de La Vuelta se registraron protestas multitudinarias en contra de Israel y el equipo Israel-Premier Tech. En Bilbao incluso se interrumpi\u00f3 el recorrido, obligando a cortar etapas antes de la l\u00ednea de meta. Estas acciones generaron tensi\u00f3n con los organizadores y la polic\u00eda, ante el riesgo para la seguridad de los ciclistas.<br><br>El equipo israel\u00ed opt\u00f3 por retirar su nombre de los uniformes, reemplaz\u00e1ndolo por una gran \u201cP\u201d y una estrella, con el objetivo de reducir su visibilidad y evitar confrontaciones directas.<br><br><strong>Reacciones pol\u00edticas: del ministro al primer ministro<\/strong><br><br>El ministro de Asuntos Exteriores, Jos\u00e9 Manuel Albares, declar\u00f3 que apoyar\u00eda la expulsi\u00f3n del equipo si fuera posible, aunque aclar\u00f3 que esa decisi\u00f3n no depende del Gobierno espa\u00f1ol, sino de la UCI (Uni\u00f3n Ciclista Internacional).<br><br>Desde Israel, Benjamin Netanyahu reaccion\u00f3 agradeciendo al equipo por mantenerse firme: \u201cHac\u00e9is que Israel est\u00e9 orgulloso\u201d, escribi\u00f3 en redes sociales.<br><br>Desde el gobierno: Sumar exige medidas contra Netanyahu<br><br>Sumar, socio de gobierno, present\u00f3 un paquete de cinco medidas clave contra Israel y sus dirigentes:<br><br>Declarar persona non grata a Netanyahu y tres de sus ministros.<br><br>Retirar a la embajadora espa\u00f1ola en Israel.<br><br>Aprobar urgentemente una ley de embargo de armas.<br><br>Restringir el uso de puertos y aeropuertos espa\u00f1oles para el tr\u00e1nsito de armamento.<br><br>Excluir a empresas israel\u00edes de contratos p\u00fablicos.<br><br><br>Clima social: mayor\u00eda de espa\u00f1oles apoya sanciones sin antisemitismo<br><br>Seg\u00fan el Bar\u00f3metro 2025 del Real Instituto Elcano, un 82 % de los espa\u00f1oles considera que la situaci\u00f3n en Gaza equivale a un \u201cgenocidio\u201d, mientras que un 70 % respalda sanciones europeas contra Israel. Sin embargo, la percepci\u00f3n hacia la comunidad jud\u00eda en Espa\u00f1a se mantiene positiva (5,7 sobre 10), lo que refleja que el rechazo se centra en la pol\u00edtica israel\u00ed y no en los ciudadanos jud\u00edos.<br><br><strong>Conclusi\u00f3n<\/strong><br><br>Lo ocurrido en La Vuelta refleja c\u00f3mo el deporte se convierte en escenario de debates globales. Las protestas y la presi\u00f3n de Sumar colocan al Gobierno espa\u00f1ol en el centro de la discusi\u00f3n, mientras Netanyahu insiste en mostrar firmeza. En esta carrera, el p\u00fablico espa\u00f1ol pedalea m\u00e1s all\u00e1 de la competici\u00f3n: exige responsabilidad, coherencia y acci\u00f3n pol\u00edtica.<br><br>\u00bfCrees que Espa\u00f1a debe ir m\u00e1s lejos en las sanciones contra Netanyahu? D\u00e9janos tu opini\u00f3n en los comentarios y comparte este art\u00edculo para abrir el debate.<\/p>\n","protected":false},"excerpt":{"rendered":"<p>Madrid \/ Barcelona \u2013 La Vuelta a Espa\u00f1a no solo es un espect\u00e1culo deportivo, sino tambi\u00e9n un term\u00f3metro del clima social y pol\u00edtico. En plena carrera, las protestas a favor de Palestina impactan el recorrido y elevan la tensi\u00f3n diplom\u00e1tica. Mientras tanto, partidos como Sumar intensifican la presi\u00f3n contra Israel y Benjamin Netanyahu, exigiendo medidas concretas desde <a href=\"https:\/\/rifpost.com\/es_es\/protestas-en-la-vuelta-espana-presiona-a-netanyahu-mientras-sumar-exige-sanciones\/\" class=\"read-more-link\">[Seguir leyendo&#8230;]<\/a><\/p>\n","protected":false},"author":2,"featured_media":842,"comment_status":"open","ping_status":"open","sticky":false,"template":"","format":"standard","meta":{"_monsterinsights_skip_tracking":false,"_monsterinsights_sitenote_active":false,"_monsterinsights_sitenote_note":"","_monsterinsights_sitenote_category":0,"_uf_show_specific_survey":0,"_uf_disable_surveys":false,"footnotes":""},"categories":[9,42,31,895],"tags":[2096,2091,2097,2100,2090,2094,2093,2099,2098,2087,2095,2086,2088,2089,2092],"class_list":["post-843","post","type-post","status-publish","format-standard","has-post-thumbnail","hentry","category-deportes","category-espana","category-internacional","category-sociedad","tag-barometro-real-instituto-elcano","tag-boicot-israel-espana","tag-crisis-politica-israel","tag-deporte-y-politica","tag-equipo-israel-premier-tech","tag-espana-israel-relaciones","tag-gaza-palestina","tag-manifestaciones-pro-palestina","tag-netanyahu-dimision","tag-netanyahu-espana","tag-presion-diplomatica-espana","tag-protestas-vuelta-a-espana","tag-sanciones-a-israel","tag-sumar-israel","tag-vuelta-ciclista-protestas"],"aioseo_notices":[],"_links":{"self":[{"href":"https:\/\/rifpost.com\/es_es\/wp-json\/wp\/v2\/posts\/843","targetHints":{"allow":["GET"]}}],"collection":[{"href":"https:\/\/rifpost.com\/es_es\/wp-json\/wp\/v2\/posts"}],"about":[{"href":"https:\/\/rifpost.com\/es_es\/wp-json\/wp\/v2\/types\/post"}],"author":[{"embeddable":true,"href":"https:\/\/rifpost.com\/es_es\/wp-json\/wp\/v2\/users\/2"}],"replies":[{"embeddable":true,"href":"https:\/\/rifpost.com\/es_es\/wp-json\/wp\/v2\/comments?post=843"}],"version-history":[{"count":1,"href":"https:\/\/rifpost.com\/es_es\/wp-json\/wp\/v2\/posts\/843\/revisions"}],"predecessor-version":[{"id":844,"href":"https:\/\/rifpost.com\/es_es\/wp-json\/wp\/v2\/posts\/843\/revisions\/844"}],"wp:featuredmedia":[{"embeddable":true,"href":"https:\/\/rifpost.com\/es_es\/wp-json\/wp\/v2\/media\/842"}],"wp:attachment":[{"href":"https:\/\/rifpost.com\/es_es\/wp-json\/wp\/v2\/media?parent=843"}],"wp:term":[{"taxonomy":"category","embeddable":true,"href":"https:\/\/rifpost.com\/es_es\/wp-json\/wp\/v2\/categories?post=843"},{"taxonomy":"post_tag","embeddable":true,"href":"https:\/\/rifpost.com\/es_es\/wp-json\/wp\/v2\/tags?post=843"}],"curies":[{"name":"wp","href":"https:\/\/api.w.org\/{rel}","templated":true}]}}