{"id":840,"date":"2025-09-07T18:56:37","date_gmt":"2025-09-07T16:56:37","guid":{"rendered":"https:\/\/rifpost.com\/es_es\/?p=840"},"modified":"2025-09-13T21:17:15","modified_gmt":"2025-09-13T19:17:15","slug":"netanyahu-en-jaque-entre-la-derrota-politica-y-los-tribunales-internacionales","status":"publish","type":"post","link":"https:\/\/rifpost.com\/es_es\/netanyahu-en-jaque-entre-la-derrota-politica-y-los-tribunales-internacionales\/","title":{"rendered":"Netanyahu en jaque: entre la derrota pol\u00edtica y los tribunales internacionales"},"content":{"rendered":"\n<p><br><br>Tel Aviv \/ Jerusal\u00e9n \u2013 El primer ministro israel\u00ed, Benjamin Netanyahu, atraviesa uno de los momentos m\u00e1s complicados de toda su carrera pol\u00edtica. A la presi\u00f3n internacional se suman protestas masivas en las calles de Israel, divisiones internas dentro de su propio entorno y hasta \u00f3rdenes de arresto internacional por parte de la Corte Penal Internacional (CPI). Todo ello dibuja un escenario donde su continuidad en el poder ya no parece segura.<br><br><br><strong>Protestas masivas exigiendo un acuerdo de paz<\/strong><br><br>En los \u00faltimos d\u00edas, miles de israel\u00edes han abarrotado las plazas de Tel Aviv y Jerusal\u00e9n para exigir un alto al fuego inmediato en Gaza y negociaciones urgentes para liberar a los 48 rehenes a\u00fan cautivos. Las manifestaciones, que crecen cada semana, muestran un descontento popular in\u00e9dito. Muchos se\u00f1alan a Netanyahu como principal responsable de la par\u00e1lisis pol\u00edtica y militar, y hasta voces internacionales piden que Estados Unidos presione para desbloquear un acuerdo.<\/p>\n\n\n\n<p><br><br><strong>El fracaso de la anexi\u00f3n en Cisjordania<\/strong><br><br>Otro rev\u00e9s lleg\u00f3 con el s\u00fabito colapso del plan de anexi\u00f3n de Cisjordania. Netanyahu se vio obligado a retirarlo tras una contundente advertencia de los Emiratos \u00c1rabes Unidos, que calificaron la medida como una \u201cl\u00ednea roja\u201d inaceptable. La amenaza de ruptura de los Acuerdos de Abraham supuso un golpe estrat\u00e9gico, dejando a Israel aislado en un momento cr\u00edtico y debilitando la narrativa expansionista del gobierno.<br><br><br><strong>Fuego amigo: cr\u00edticas desde el Mossad<\/strong><br><br>Las tensiones internas no se quedan atr\u00e1s. Yossi Cohen, exjefe del Mossad y figura respetada en el aparato de seguridad israel\u00ed, sorprendi\u00f3 al pedir p\u00fablicamente la dimisi\u00f3n de Netanyahu. Seg\u00fan Cohen, el actual primer ministro ya no es capaz de unificar al pa\u00eds ni de garantizar un liderazgo estable. Estas declaraciones han dado mayor legitimidad a la idea de que incluso dentro del establishment israel\u00ed crece la desconfianza hacia el gobierno.<br><br><br><strong>El esc\u00e1ndalo \u201cQatargate\u201d salpica a su entorno<\/strong><br><br>A la crisis pol\u00edtica y social se suma un nuevo esc\u00e1ndalo: el llamado \u201cQatargate\u201d. Una investigaci\u00f3n del Shin Bet apunta a que asesores cercanos a Netanyahu habr\u00edan recibido apoyo financiero de representantes qatar\u00edes con el objetivo de promover intereses de Doha en Israel. El caso, a\u00fan bajo investigaci\u00f3n, amenaza con erosionar a\u00fan m\u00e1s la credibilidad del gobierno y abrir un nuevo frente de sospechas de corrupci\u00f3n.<br><br><br><strong>Netanyahu ante la Corte Penal Internacional<\/strong><br><br>La presi\u00f3n internacional se recrudece. La Corte Penal Internacional emiti\u00f3 en noviembre de 2024 \u00f3rdenes de arresto contra Netanyahu y su ministro de Defensa, Yoav Gallant, acus\u00e1ndolos de cr\u00edmenes de guerra. Entre los cargos figuran el uso del hambre como arma, asesinatos y persecuci\u00f3n sistem\u00e1tica contra la poblaci\u00f3n civil en Gaza. Aunque Israel no reconoce la jurisdicci\u00f3n de la CPI, el impacto pol\u00edtico y diplom\u00e1tico de estas \u00f3rdenes ha sido demoledor.<br><br><br><strong>Un liderazgo en la cuerda floja<\/strong><br><br>Con protestas en la calle, fracasos diplom\u00e1ticos, cr\u00edticas desde el Mossad, esc\u00e1ndalos de corrupci\u00f3n y \u00f3rdenes de arresto internacional, Netanyahu enfrenta una tormenta perfecta. Nunca antes su liderazgo hab\u00eda estado tan cuestionado, tanto dentro como fuera de Israel.<br><br>La gran inc\u00f3gnita es si lograr\u00e1 resistir o si, por el contrario, este ser\u00e1 recordado como el principio del fin de su largo reinado pol\u00edtico.<br><br><br>\ud83d\udc49 \u00bfCrees que Netanyahu deber\u00eda renunciar? D\u00e9janos tu opini\u00f3n en los comentarios y comparte este art\u00edculo para abrir el debate.<\/p>\n","protected":false},"excerpt":{"rendered":"<p>Tel Aviv \/ Jerusal\u00e9n \u2013 El primer ministro israel\u00ed, Benjamin Netanyahu, atraviesa uno de los momentos m\u00e1s complicados de toda su carrera pol\u00edtica. A la presi\u00f3n internacional se suman protestas masivas en las calles de Israel, divisiones internas dentro de su propio entorno y hasta \u00f3rdenes de arresto internacional por parte de la Corte Penal Internacional (CPI). <a href=\"https:\/\/rifpost.com\/es_es\/netanyahu-en-jaque-entre-la-derrota-politica-y-los-tribunales-internacionales\/\" class=\"read-more-link\">[Seguir leyendo&#8230;]<\/a><\/p>\n","protected":false},"author":2,"featured_media":839,"comment_status":"open","ping_status":"open","sticky":false,"template":"","format":"standard","meta":{"_monsterinsights_skip_tracking":false,"_monsterinsights_sitenote_active":false,"_monsterinsights_sitenote_note":"","_monsterinsights_sitenote_category":0,"_uf_show_specific_survey":0,"_uf_disable_surveys":false,"footnotes":""},"categories":[42,92,31,895],"tags":[2083,189,1893,2081,2085,33,2082,2084],"class_list":["post-840","post","type-post","status-publish","format-standard","has-post-thumbnail","hentry","category-espana","category-impactante","category-internacional","category-sociedad","tag-anexion-cisjordania","tag-corte-penal-internacional","tag-crimenes-de-guerra","tag-crisis-israel","tag-dimision-netanyahu","tag-netanyahu","tag-protestas-en-tel-aviv","tag-qatargate"],"aioseo_notices":[],"_links":{"self":[{"href":"https:\/\/rifpost.com\/es_es\/wp-json\/wp\/v2\/posts\/840","targetHints":{"allow":["GET"]}}],"collection":[{"href":"https:\/\/rifpost.com\/es_es\/wp-json\/wp\/v2\/posts"}],"about":[{"href":"https:\/\/rifpost.com\/es_es\/wp-json\/wp\/v2\/types\/post"}],"author":[{"embeddable":true,"href":"https:\/\/rifpost.com\/es_es\/wp-json\/wp\/v2\/users\/2"}],"replies":[{"embeddable":true,"href":"https:\/\/rifpost.com\/es_es\/wp-json\/wp\/v2\/comments?post=840"}],"version-history":[{"count":1,"href":"https:\/\/rifpost.com\/es_es\/wp-json\/wp\/v2\/posts\/840\/revisions"}],"predecessor-version":[{"id":841,"href":"https:\/\/rifpost.com\/es_es\/wp-json\/wp\/v2\/posts\/840\/revisions\/841"}],"wp:featuredmedia":[{"embeddable":true,"href":"https:\/\/rifpost.com\/es_es\/wp-json\/wp\/v2\/media\/839"}],"wp:attachment":[{"href":"https:\/\/rifpost.com\/es_es\/wp-json\/wp\/v2\/media?parent=840"}],"wp:term":[{"taxonomy":"category","embeddable":true,"href":"https:\/\/rifpost.com\/es_es\/wp-json\/wp\/v2\/categories?post=840"},{"taxonomy":"post_tag","embeddable":true,"href":"https:\/\/rifpost.com\/es_es\/wp-json\/wp\/v2\/tags?post=840"}],"curies":[{"name":"wp","href":"https:\/\/api.w.org\/{rel}","templated":true}]}}