{"id":747,"date":"2025-05-05T08:04:22","date_gmt":"2025-05-05T06:04:22","guid":{"rendered":"https:\/\/rifpost.com\/es_es\/?p=747"},"modified":"2025-05-07T14:13:27","modified_gmt":"2025-05-07T12:13:27","slug":"caos-en-las-fronteras-de-melilla-y-ceuta","status":"publish","type":"post","link":"https:\/\/rifpost.com\/es_es\/caos-en-las-fronteras-de-melilla-y-ceuta\/","title":{"rendered":"Fronteras del castigo: c\u00f3mo el visado Schengen estrangula la vida entre Melilla, Ceuta y el Rif"},"content":{"rendered":"\n<figure class=\"wp-block-image size-large\"><img loading=\"lazy\" decoding=\"async\" width=\"763\" height=\"683\" src=\"https:\/\/rifpost.com\/wp-content\/uploads\/2025\/05\/image_editor_output_image1060794275-17466197768352186679380357524610.jpg\" alt=\"\" class=\"wp-image-752\" srcset=\"https:\/\/rifpost.com\/wp-content\/uploads\/2025\/05\/image_editor_output_image1060794275-17466197768352186679380357524610.jpg 763w, https:\/\/rifpost.com\/wp-content\/uploads\/2025\/05\/image_editor_output_image1060794275-17466197768352186679380357524610-300x269.jpg 300w, https:\/\/rifpost.com\/wp-content\/uploads\/2025\/05\/image_editor_output_image1060794275-17466197768352186679380357524610-13x12.jpg 13w\" sizes=\"auto, (max-width: 763px) 100vw, 763px\" \/><figcaption class=\"wp-element-caption\">Cola en la frontera de Melilla para entrar a Marruecos <\/figcaption><\/figure>\n\n\n\n<h2 class=\"wp-block-heading\">Es un infierno cotidiano. Un suplicio que se repite cada d\u00eda y que se intensifica durante las grandes operaciones migratorias, como la Operaci\u00f3n Marhaba. Miles de personas se ven atrapadas entre controles exhaustivos, colas interminables y una sensaci\u00f3n constante de humillaci\u00f3n en los pasos fronterizos entre Melilla-Beni Ensar y Ceuta-Fnideq.<\/h2>\n\n\n\n<p>Lo que deber\u00eda ser un punto de encuentro natural entre pueblos hermanos se ha convertido en un s\u00edmbolo de separaci\u00f3n, desigualdad y sufrimiento. \u00bfHasta cu\u00e1ndo este castigo?<br><br>La reapertura de las fronteras tras la pandemia no trajo alivio, sino m\u00e1s bien todo lo contrario: reforz\u00f3 las barreras f\u00edsicas y burocr\u00e1ticas entre comunidades hist\u00f3ricamente unidas. Lejos de facilitar la vida diaria, la situaci\u00f3n fronteriza actual ha convertido el cruce en una haza\u00f1a \u00e9pica, especialmente para los residentes marroqu\u00edes de Nador y Tetu\u00e1n. Lo que antes era un simple trayecto de unos minutos, hoy es una traves\u00eda de horas o incluso d\u00edas.<br><br><strong>Un obst\u00e1culo llamado visado Schengen<\/strong><br><br>La ra\u00edz del problema no es un misterio, aunque muchos prefieren mirar hacia otro lado. La imposici\u00f3n unilateral del visado Schengen por parte de Espa\u00f1a a los habitantes de las provincias vecinas ha roto un equilibrio social y humano construido durante d\u00e9cadas. Familias separadas, trabajadores bloqueados, estudiantes frustrados, comerciantes asfixiados. No se trata solo de control migratorio: se trata de derechos humanos b\u00e1sicos, de dignidad, de respeto a las realidades locales.<br><br>Esta medida, presentada como parte de la normativa europea, responde a una l\u00f3gica de seguridad y control. Sin embargo, lo que para los bur\u00f3cratas de Bruselas es una estad\u00edstica o un protocolo, para miles de ciudadanos marroqu\u00edes y espa\u00f1oles es una humillaci\u00f3n diaria. Y lo m\u00e1s grave: una humillaci\u00f3n normalizada.<br><br><strong>Hipocres\u00eda institucional y silencio social<\/strong><br><br>En Ceuta y Melilla, muchos representantes pol\u00edticos y sectores de la sociedad civil se muestran preocupados por la situaci\u00f3n. Reclaman p\u00fablicamente mejoras en las infraestructuras, piden m\u00e1s personal en los controles y critican las condiciones inhumanas que se viven a diario en los pasos fronterizos. Pero curiosamente, casi ninguno se atreve a se\u00f1alar lo evidente: el verdadero cuello de botella es la aplicaci\u00f3n del visado y el cierre de ciertos pasos fronterizos.<br><br>Este silencio \u2014c\u00f3mplice o temeroso\u2014 se traduce en inacci\u00f3n. Y mientras tanto, las redes sociales se llenan de v\u00eddeos y denuncias, pero no de movilizaciones. \u00bfD\u00f3nde est\u00e1n las protestas organizadas? \u00bfD\u00f3nde est\u00e1 la presi\u00f3n social que podr\u00eda hacer temblar los cimientos de una medida injusta?<br><br>Sin una exigencia colectiva y valiente, sin un clamor ciudadano sostenido, todo seguir\u00e1 igual. Las colas crecer\u00e1n, la desesperaci\u00f3n aumentar\u00e1, y el discurso oficial encontrar\u00e1 siempre una justificaci\u00f3n: la legalidad europea.<br><br><strong>M\u00e1s all\u00e1 de la ley: la dignidad humana<\/strong><br><br>El debate no debe centrarse \u00fanicamente en si la imposici\u00f3n del visado es legal. Debe ir m\u00e1s all\u00e1: \u00bfes justa? \u00bfRespeta la dignidad de los pueblos que comparten historia, cultura y v\u00ednculos familiares? \u00bfO responde a una l\u00f3gica excluyente que ignora las particularidades geogr\u00e1ficas y sociales del norte de Marruecos?<br><br>Los pasos fronterizos no son solo puntos de control. Son arterias vivas que conectan econom\u00edas locales, redes sociales y mundos culturales. Bloquearlos o convertirlos en trincheras de sufrimiento es cortar el pulso de regiones enteras. Y ese pulso se resiente con cada coche retenido, con cada madre que no puede visitar a su hijo, con cada trabajador que pierde su jornal por no poder cruzar.<br><br><strong>La soluci\u00f3n existe, pero falta voluntad<\/strong><br><br>Resolver este drama no requiere milagros, sino decisiones pol\u00edticas valientes. Reabrir todos los pasos fronterizos. Eliminar el visado Schengen para los residentes de Nador y Tetu\u00e1n, al menos en el marco de un r\u00e9gimen especial de vecindad. Establecer mecanismos bilaterales de gesti\u00f3n m\u00e1s humanos, \u00e1giles y acordes a la realidad transfronteriza. Todo esto es posible. Pero solo ocurrir\u00e1 si la sociedad civil lo exige.<br><br>Ceuta, Melilla, Nador, Tetu\u00e1n\u2026 estos nombres no deber\u00edan ser fronteras. Deber\u00edan ser puentes. Puentes de vida, de intercambio, de convivencia. Hoy, son muros. Y esos muros no caer\u00e1n con comunicados oficiales ni con lamentos en redes sociales. Caer\u00e1n con unidad, con acci\u00f3n, con presi\u00f3n colectiva.<br><br><strong>Un infierno silenciado que todos sufrimos<\/strong><br><br>Hasta entonces, seguiremos viviendo lo que muchos ya llaman \u201cel infierno fronterizo\u201d. Un infierno hecho de calor, de empujones, de papeles, de vigilancias abusivas. Un infierno que no discrimina entre nacionalidades, que castiga tanto al marroqu\u00ed como al espa\u00f1ol. Un infierno que representa la peor cara de Europa: la cara que olvida que las fronteras, si no se gestionan con humanidad, se convierten en trincheras de injusticia.<br><br><strong>Y t\u00fa, lector, \u00bfhasta cu\u00e1ndo piensas mirar hacia otro lado? Comenta y comparte este art\u00edculo. <\/strong><\/p>\n\n\n\n<p><\/p>\n","protected":false},"excerpt":{"rendered":"<p>La situaci\u00f3n en los pasos fronterizos de Melilla-Beni Ensar y Ceuta-Fnideq se ha convertido en una pesadilla diaria para miles de personas. M\u00e1s all\u00e1 de colas interminables y humillaciones, el verdadero muro se llama visado Schengen. Un an\u00e1lisis del silencio pol\u00edtico, la inacci\u00f3n social y las consecuencias humanas de una frontera que divide lo que siempre estuvo unido.<\/p>\n","protected":false},"author":2,"featured_media":749,"comment_status":"open","ping_status":"open","sticky":false,"template":"","format":"standard","meta":{"_monsterinsights_skip_tracking":false,"_monsterinsights_sitenote_active":false,"_monsterinsights_sitenote_note":"","_monsterinsights_sitenote_category":0,"_uf_show_specific_survey":0,"_uf_disable_surveys":false,"footnotes":""},"categories":[42,379,114,6,1600,895],"tags":[1815,1818,1814,1820,1823,1830,1827,1824,1828,1816,1825,1813,1821,1819,1829,1832,1826,1831,1822,1817],"class_list":["post-747","post","type-post","status-publish","format-standard","has-post-thumbnail","hentry","category-espana","category-marruecos","category-melilla","category-migracion","category-rif","category-sociedad","tag-beni-ensar-paso-fronterizo","tag-bloqueo-fronterizo-melilla","tag-ceuta-frontera","tag-colas-frontera-melilla","tag-conflicto-fronterizo-espana-marruecos","tag-crisis-humanitaria-fronteriza","tag-cruce-fronterizo-melilla-marruecos","tag-derechos-transfronterizos","tag-exigencia-visado-schengen","tag-fnideq-paso-fronterizo","tag-frontera-melilla-beni-ensar-2025","tag-melilla-frontera","tag-operacion-marhaba-2025","tag-paso-fronterizo-ceuta-marruecos","tag-politica-fronteriza-espana-marruecos","tag-relaciones-marruecos-espana-2025","tag-situacion-frontera-ceuta-fnideq","tag-transito-frontera-marruecos","tag-visado-nador-tetuan","tag-visado-schengen-marruecos"],"aioseo_notices":[],"_links":{"self":[{"href":"https:\/\/rifpost.com\/es_es\/wp-json\/wp\/v2\/posts\/747","targetHints":{"allow":["GET"]}}],"collection":[{"href":"https:\/\/rifpost.com\/es_es\/wp-json\/wp\/v2\/posts"}],"about":[{"href":"https:\/\/rifpost.com\/es_es\/wp-json\/wp\/v2\/types\/post"}],"author":[{"embeddable":true,"href":"https:\/\/rifpost.com\/es_es\/wp-json\/wp\/v2\/users\/2"}],"replies":[{"embeddable":true,"href":"https:\/\/rifpost.com\/es_es\/wp-json\/wp\/v2\/comments?post=747"}],"version-history":[{"count":4,"href":"https:\/\/rifpost.com\/es_es\/wp-json\/wp\/v2\/posts\/747\/revisions"}],"predecessor-version":[{"id":754,"href":"https:\/\/rifpost.com\/es_es\/wp-json\/wp\/v2\/posts\/747\/revisions\/754"}],"wp:featuredmedia":[{"embeddable":true,"href":"https:\/\/rifpost.com\/es_es\/wp-json\/wp\/v2\/media\/749"}],"wp:attachment":[{"href":"https:\/\/rifpost.com\/es_es\/wp-json\/wp\/v2\/media?parent=747"}],"wp:term":[{"taxonomy":"category","embeddable":true,"href":"https:\/\/rifpost.com\/es_es\/wp-json\/wp\/v2\/categories?post=747"},{"taxonomy":"post_tag","embeddable":true,"href":"https:\/\/rifpost.com\/es_es\/wp-json\/wp\/v2\/tags?post=747"}],"curies":[{"name":"wp","href":"https:\/\/api.w.org\/{rel}","templated":true}]}}