{"id":743,"date":"2025-04-22T15:18:15","date_gmt":"2025-04-22T13:18:15","guid":{"rendered":"https:\/\/rifpost.com\/es_es\/?p=743"},"modified":"2025-04-23T18:33:38","modified_gmt":"2025-04-23T16:33:38","slug":"melilla-alza-la-voz-por-palestina-gran-marcha-este-24-de-abril","status":"publish","type":"post","link":"https:\/\/rifpost.com\/es_es\/melilla-alza-la-voz-por-palestina-gran-marcha-este-24-de-abril\/","title":{"rendered":"Melilla alza la voz por Palestina: gran marcha este 24 de abril<br>"},"content":{"rendered":"\n<figure class=\"wp-block-image size-large\"><img loading=\"lazy\" decoding=\"async\" width=\"726\" height=\"1024\" src=\"https:\/\/rifpost.com\/wp-content\/uploads\/2025\/04\/screenshot_20250422_151757_chatgpt2078409629101278265-726x1024.jpg\" alt=\"\" class=\"wp-image-742\" srcset=\"https:\/\/rifpost.com\/wp-content\/uploads\/2025\/04\/screenshot_20250422_151757_chatgpt2078409629101278265-726x1024.jpg 726w, https:\/\/rifpost.com\/wp-content\/uploads\/2025\/04\/screenshot_20250422_151757_chatgpt2078409629101278265-213x300.jpg 213w, https:\/\/rifpost.com\/wp-content\/uploads\/2025\/04\/screenshot_20250422_151757_chatgpt2078409629101278265-768x1083.jpg 768w, https:\/\/rifpost.com\/wp-content\/uploads\/2025\/04\/screenshot_20250422_151757_chatgpt2078409629101278265-9x12.jpg 9w, https:\/\/rifpost.com\/wp-content\/uploads\/2025\/04\/screenshot_20250422_151757_chatgpt2078409629101278265.jpg 1079w\" sizes=\"auto, (max-width: 726px) 100vw, 726px\" \/><figcaption class=\"wp-element-caption\">Gran marcha de Melilla<\/figcaption><\/figure>\n\n\n\n<p><br><br>Este mi\u00e9rcoles 24 de abril, Melilla saldr\u00e1 a la calle para gritar lo que el mundo parece haber olvidado: en Palestina se est\u00e1 cometiendo un genocidio a plena luz del d\u00eda. Mientras gobiernos y organismos internacionales miran hacia otro lado, miles de vidas inocentes se pierden bajo los escombros, los bombardeos y el silencio c\u00f3mplice de quienes podr\u00edan \u2014pero no quieren\u2014 detener la masacre.<br><br>La gran marcha partir\u00e1 desde la Plaza Comandante Ben\u00edtez a las 19:00 horas, y recorrer\u00e1 las calles hasta la emblem\u00e1tica Plaza de Espa\u00f1a. Bajo el lema \u201cMelilla con Palestina\u201d, la manifestaci\u00f3n busca no solo visibilizar el horror que se vive en Gaza y Cisjordania, sino tambi\u00e9n denunciar la persecuci\u00f3n sistem\u00e1tica contra periodistas, trabajadores humanitarios, ni\u00f1os y poblaci\u00f3n civil.<br><br>El cartel de la convocatoria es elocuente: un reportero en llamas con el chaleco de \u201cPRESS\u201d representa el precio de contar la verdad en un conflicto donde la informaci\u00f3n se convierte en objetivo militar. La imagen arde con el mismo fuego con el que se intenta borrar una cultura, una historia y un pueblo entero.<br><br>Melilla, ciudad frontera, sabe de cerca lo que es el dolor del desplazamiento, la represi\u00f3n y la injusticia. Por eso, esta marcha no es solo un acto de solidaridad: es tambi\u00e9n una declaraci\u00f3n \u00e9tica, un recordatorio de que el pueblo no olvida, no calla y no acepta la impunidad.<br><br>Desde rifpost.com, invitamos a toda la ciudadan\u00eda melillense a sumarse, sin banderas pol\u00edticas, pero con el coraz\u00f3n lleno de humanidad y firmeza. Porque lo que sucede en Palestina nos interpela como seres humanos. Porque hoy son ellos, pero ma\u00f1ana puede ser cualquier otro pueblo olvidado por el mundo.<br><br>No dejemos que el silencio sea m\u00e1s fuerte que la justicia. Este 24 de abril, Melilla hablar\u00e1 claro: Palestina no est\u00e1 sola.<br><br><br><\/p>\n","protected":false},"excerpt":{"rendered":"<p>Este mi\u00e9rcoles 24 de abril, Melilla saldr\u00e1 a la calle para gritar lo que el mundo parece haber olvidado: en Palestina se est\u00e1 cometiendo un genocidio a plena luz del d\u00eda. Mientras gobiernos y organismos internacionales miran hacia otro lado, miles de vidas inocentes se pierden bajo los escombros, los bombardeos y el silencio c\u00f3mplice de quienes <a href=\"https:\/\/rifpost.com\/es_es\/melilla-alza-la-voz-por-palestina-gran-marcha-este-24-de-abril\/\" class=\"read-more-link\">[Seguir leyendo&#8230;]<\/a><\/p>\n","protected":false},"author":2,"featured_media":745,"comment_status":"open","ping_status":"open","sticky":false,"template":"","format":"standard","meta":{"_monsterinsights_skip_tracking":false,"_monsterinsights_sitenote_active":false,"_monsterinsights_sitenote_note":"","_monsterinsights_sitenote_category":0,"_uf_show_specific_survey":0,"_uf_disable_surveys":false,"footnotes":""},"categories":[42,31,114,6,41,895],"tags":[1803,1809,1804,1811,1800,1802,1799,1810,1798,1808,1806,1801,1812,1807,1805],"class_list":["post-743","post","type-post","status-publish","format-standard","has-post-thumbnail","hentry","category-espana","category-internacional","category-melilla","category-migracion","category-politica","category-sociedad","tag-apoyo-a-palestina","tag-crimenes-de-guerra-israel","tag-derechos-humanos-palestina","tag-gaza-bajo-ataque","tag-genocidio-en-gaza","tag-manifestacion-melilla-24-abril","tag-marcha-por-palestina-melilla","tag-melilla-24-abril-2025","tag-melilla-con-palestina","tag-melilla-palestina-manifestacion","tag-melilla-solidaria","tag-palestina-2025","tag-palestina-no-esta-sola","tag-periodistas-asesinados-gaza","tag-protesta-en-melilla"],"aioseo_notices":[],"_links":{"self":[{"href":"https:\/\/rifpost.com\/es_es\/wp-json\/wp\/v2\/posts\/743","targetHints":{"allow":["GET"]}}],"collection":[{"href":"https:\/\/rifpost.com\/es_es\/wp-json\/wp\/v2\/posts"}],"about":[{"href":"https:\/\/rifpost.com\/es_es\/wp-json\/wp\/v2\/types\/post"}],"author":[{"embeddable":true,"href":"https:\/\/rifpost.com\/es_es\/wp-json\/wp\/v2\/users\/2"}],"replies":[{"embeddable":true,"href":"https:\/\/rifpost.com\/es_es\/wp-json\/wp\/v2\/comments?post=743"}],"version-history":[{"count":1,"href":"https:\/\/rifpost.com\/es_es\/wp-json\/wp\/v2\/posts\/743\/revisions"}],"predecessor-version":[{"id":744,"href":"https:\/\/rifpost.com\/es_es\/wp-json\/wp\/v2\/posts\/743\/revisions\/744"}],"wp:featuredmedia":[{"embeddable":true,"href":"https:\/\/rifpost.com\/es_es\/wp-json\/wp\/v2\/media\/745"}],"wp:attachment":[{"href":"https:\/\/rifpost.com\/es_es\/wp-json\/wp\/v2\/media?parent=743"}],"wp:term":[{"taxonomy":"category","embeddable":true,"href":"https:\/\/rifpost.com\/es_es\/wp-json\/wp\/v2\/categories?post=743"},{"taxonomy":"post_tag","embeddable":true,"href":"https:\/\/rifpost.com\/es_es\/wp-json\/wp\/v2\/tags?post=743"}],"curies":[{"name":"wp","href":"https:\/\/api.w.org\/{rel}","templated":true}]}}