{"id":613,"date":"2025-04-12T11:30:32","date_gmt":"2025-04-12T09:30:32","guid":{"rendered":"https:\/\/rifpost.com\/es_es\/?p=613"},"modified":"2025-04-12T00:25:37","modified_gmt":"2025-04-11T22:25:37","slug":"larbi-ben-barek-el-dios-del-futbol-que-nacio-en-casablanca","status":"publish","type":"post","link":"https:\/\/rifpost.com\/es_es\/larbi-ben-barek-el-dios-del-futbol-que-nacio-en-casablanca\/","title":{"rendered":"Larbi Ben Barek: El Dios del F\u00fatbol que Naci\u00f3 en Casablanca"},"content":{"rendered":"\n<figure class=\"wp-block-image size-large\"><img loading=\"lazy\" decoding=\"async\" width=\"1024\" height=\"512\" src=\"https:\/\/rifpost.com\/wp-content\/uploads\/2025\/04\/63984874d8e4c5303736131296132744-1024x512.jpeg\" alt=\"\" class=\"wp-image-610\" srcset=\"https:\/\/rifpost.com\/wp-content\/uploads\/2025\/04\/63984874d8e4c5303736131296132744-1024x512.jpeg 1024w, https:\/\/rifpost.com\/wp-content\/uploads\/2025\/04\/63984874d8e4c5303736131296132744-300x150.jpeg 300w, https:\/\/rifpost.com\/wp-content\/uploads\/2025\/04\/63984874d8e4c5303736131296132744-768x384.jpeg 768w, https:\/\/rifpost.com\/wp-content\/uploads\/2025\/04\/63984874d8e4c5303736131296132744-18x9.jpeg 18w, https:\/\/rifpost.com\/wp-content\/uploads\/2025\/04\/63984874d8e4c5303736131296132744.jpeg 1200w\" sizes=\"auto, (max-width: 1024px) 100vw, 1024px\" \/><\/figure>\n\n\n\n<p>Por: Redacci\u00f3n RifPost | Especial Leyendas del Rif<br><br>Mucho antes de que nombres como Zidane, Salah o Hakimi captaran la atenci\u00f3n mundial, un marroqu\u00ed ya deslumbraba a Europa con su clase, elegancia y visi\u00f3n de juego. Su nombre: Larbi Ben Barek, conocido tambi\u00e9n como La Perla Negra. Naci\u00f3 en Casablanca en 1917 y cambi\u00f3 la historia del f\u00fatbol para siempre. Su legado no solo es una joya del deporte, sino tambi\u00e9n un s\u00edmbolo del orgullo marroqu\u00ed y magreb\u00ed.<br><br><strong>De los barrios de Casablanca al Olimpo del f\u00fatbol europeo<\/strong><br><br>Larbi no tuvo una infancia f\u00e1cil. Creci\u00f3 en los humildes barrios de Casablanca, donde el f\u00fatbol no era un deporte&#8230; era un lenguaje. Su talento innato le abri\u00f3 las puertas del US Marocaine, y muy pronto el Olympique de Marsella puso sus ojos en \u00e9l. Era 1938, y un marroqu\u00ed llegaba a la primera divisi\u00f3n francesa. In\u00e9dito. Hist\u00f3rico.<br><br>Desde el primer minuto, Ben Barek cautiv\u00f3 a todos con su toque, su regate y su inteligencia en el campo. Pronto ser\u00eda fichado por el Stade Fran\u00e7ais, pero fue en el Atl\u00e9tico de Madrid donde dej\u00f3 una huella imborrable.<br><br><strong>El \u201cDios del f\u00fatbol\u201d, seg\u00fan Pel\u00e9<\/strong><\/p>\n\n\n\n<p><\/p>\n\n\n\n<figure class=\"wp-block-image size-large\"><img loading=\"lazy\" decoding=\"async\" width=\"1024\" height=\"726\" src=\"https:\/\/rifpost.com\/wp-content\/uploads\/2025\/04\/167094027413943137084488013439617-1024x726.jpg\" alt=\"\" class=\"wp-image-611\" srcset=\"https:\/\/rifpost.com\/wp-content\/uploads\/2025\/04\/167094027413943137084488013439617-1024x726.jpg 1024w, https:\/\/rifpost.com\/wp-content\/uploads\/2025\/04\/167094027413943137084488013439617-300x213.jpg 300w, https:\/\/rifpost.com\/wp-content\/uploads\/2025\/04\/167094027413943137084488013439617-768x544.jpg 768w, https:\/\/rifpost.com\/wp-content\/uploads\/2025\/04\/167094027413943137084488013439617-1536x1088.jpg 1536w, https:\/\/rifpost.com\/wp-content\/uploads\/2025\/04\/167094027413943137084488013439617-18x12.jpg 18w, https:\/\/rifpost.com\/wp-content\/uploads\/2025\/04\/167094027413943137084488013439617.jpg 2000w\" sizes=\"auto, (max-width: 1024px) 100vw, 1024px\" \/><figcaption class=\"wp-element-caption\">Larbi Ben Barek<\/figcaption><\/figure>\n\n\n\n<p><br><br>Larbi Ben Barek jug\u00f3 en el Atl\u00e9tico entre 1948 y 1953, ganando dos Ligas espa\u00f1olas (1949-50 y 1950-51). En una \u00e9poca en la que los africanos apenas ten\u00edan presencia en Europa, Larbi no solo jugaba&#8230; dominaba.<br><br>Pel\u00e9, considerado por muchos el mejor jugador de todos los tiempos, dijo una vez:<br><strong>\u00abSi yo soy el Rey del F\u00fatbol, entonces Ben Barek es el Dios.\u00bb<\/strong><br><br>\u00bfTe lo imaginas? Un brasile\u00f1o reconociendo que el verdadero pionero fue un marroqu\u00ed nacido en Casablanca.<br><br><strong>M\u00e1s franc\u00e9s que los franceses<\/strong><br><br>Aunque era marroqu\u00ed de coraz\u00f3n y sangre, Ben Barek tambi\u00e9n represent\u00f3 a la selecci\u00f3n nacional de Francia. Jug\u00f3 18 partidos y marc\u00f3 5 goles. Francia lo veneraba, pero Marruecos lo llevaba en el alma.<br><br>A\u00f1os m\u00e1s tarde, la FIFA le concedi\u00f3 la Orden del M\u00e9rito, y hasta el d\u00eda de hoy su nombre figura entre los grandes pioneros del f\u00fatbol mundial.<\/p>\n\n\n\n<figure class=\"wp-block-image size-large\"><img loading=\"lazy\" decoding=\"async\" width=\"1024\" height=\"683\" src=\"https:\/\/rifpost.com\/wp-content\/uploads\/2025\/04\/167093997172451715023437715522192-1024x683.jpg\" alt=\"\" class=\"wp-image-612\" srcset=\"https:\/\/rifpost.com\/wp-content\/uploads\/2025\/04\/167093997172451715023437715522192-1024x683.jpg 1024w, https:\/\/rifpost.com\/wp-content\/uploads\/2025\/04\/167093997172451715023437715522192-300x200.jpg 300w, https:\/\/rifpost.com\/wp-content\/uploads\/2025\/04\/167093997172451715023437715522192-768x512.jpg 768w, https:\/\/rifpost.com\/wp-content\/uploads\/2025\/04\/167093997172451715023437715522192-1536x1024.jpg 1536w, https:\/\/rifpost.com\/wp-content\/uploads\/2025\/04\/167093997172451715023437715522192-18x12.jpg 18w, https:\/\/rifpost.com\/wp-content\/uploads\/2025\/04\/167093997172451715023437715522192.jpg 1980w\" sizes=\"auto, (max-width: 1024px) 100vw, 1024px\" \/><figcaption class=\"wp-element-caption\">Disparo de Larbi Ben Barek<\/figcaption><\/figure>\n\n\n\n<p><br><br><strong>\u00bfPor qu\u00e9 nadie te lo cont\u00f3 antes?<\/strong><br><br>Tal vez porque la historia la escriben los que tienen el micr\u00f3fono&#8230; pero ahora t\u00fa tambi\u00e9n la conoces. Ben Barek no es solo una leyenda del f\u00fatbol. Es un s\u00edmbolo del orgullo rife\u00f1o, magreb\u00ed, africano y \u00e1rabe. Un hombre que rompi\u00f3 barreras mucho antes de que el mundo estuviera listo.<br><br><strong>Queremos escucharte<\/strong><br><br>\u00bfConoc\u00edas la historia de Larbi Ben Barek?<br>\u00bfCrees que deber\u00eda tener m\u00e1s reconocimiento internacional?<br>\u00bfTe gustar\u00eda ver una serie o documental sobre su vida?<br><br>D\u00e9janos tu opini\u00f3n en los comentarios, comparte este art\u00edculo con tus amigos y sigamos poniendo luz sobre las leyendas que marcaron el camino.<\/p>\n\n\n\n<hr class=\"wp-block-separator has-alpha-channel-opacity\"\/>\n\n\n\n<p><br>RifPost.com | Voces del Rif. Historias del Mundo.<\/p>\n\n\n\n<hr class=\"wp-block-separator has-alpha-channel-opacity\"\/>\n\n\n\n<p><\/p>\n","protected":false},"excerpt":{"rendered":"<p>Por: Redacci\u00f3n RifPost | Especial Leyendas del Rif Mucho antes de que nombres como Zidane, Salah o Hakimi captaran la atenci\u00f3n mundial, un marroqu\u00ed ya deslumbraba a Europa con su clase, elegancia y visi\u00f3n de juego. Su nombre: Larbi Ben Barek, conocido tambi\u00e9n como La Perla Negra. Naci\u00f3 en Casablanca en 1917 y cambi\u00f3 la historia del <a href=\"https:\/\/rifpost.com\/es_es\/larbi-ben-barek-el-dios-del-futbol-que-nacio-en-casablanca\/\" class=\"read-more-link\">[Seguir leyendo&#8230;]<\/a><\/p>\n","protected":false},"author":2,"featured_media":609,"comment_status":"open","ping_status":"open","sticky":false,"template":"","format":"standard","meta":{"_monsterinsights_skip_tracking":false,"_monsterinsights_sitenote_active":false,"_monsterinsights_sitenote_note":"","_monsterinsights_sitenote_category":0,"_uf_show_specific_survey":0,"_uf_disable_surveys":false,"footnotes":""},"categories":[25,9,379],"tags":[1549,1561,1551,1555,1544,1559,1554,1556,1546,1562,1553,1548,1552,1543,1558,1545,1550,1560,1557,1547],"class_list":["post-613","post","type-post","status-publish","format-standard","has-post-thumbnail","hentry","category-curiosidades","category-deportes","category-marruecos","tag-atletico-de-madrid","tag-figuras-del-deporte-marroqui","tag-futbol-africano-en-europa","tag-futbol-en-marruecos","tag-futbol-marroqui","tag-futbol-y-cultura-marroqui","tag-futbolista-marroqui-historico","tag-futbolistas-africanos-en-europa","tag-historia-del-futbol-africano","tag-iconos-del-futbol-mundial","tag-idolos-del-futbol","tag-jugadores-marroquies-famosos","tag-la-perla-negra","tag-larbi-ben-barek","tag-larbi-ben-barek-historia","tag-leyendas-del-futbol","tag-olympique-de-marsella","tag-orgullo-rifeno","tag-pele-ben-barek","tag-pioneros-del-futbol"],"aioseo_notices":[],"_links":{"self":[{"href":"https:\/\/rifpost.com\/es_es\/wp-json\/wp\/v2\/posts\/613","targetHints":{"allow":["GET"]}}],"collection":[{"href":"https:\/\/rifpost.com\/es_es\/wp-json\/wp\/v2\/posts"}],"about":[{"href":"https:\/\/rifpost.com\/es_es\/wp-json\/wp\/v2\/types\/post"}],"author":[{"embeddable":true,"href":"https:\/\/rifpost.com\/es_es\/wp-json\/wp\/v2\/users\/2"}],"replies":[{"embeddable":true,"href":"https:\/\/rifpost.com\/es_es\/wp-json\/wp\/v2\/comments?post=613"}],"version-history":[{"count":1,"href":"https:\/\/rifpost.com\/es_es\/wp-json\/wp\/v2\/posts\/613\/revisions"}],"predecessor-version":[{"id":614,"href":"https:\/\/rifpost.com\/es_es\/wp-json\/wp\/v2\/posts\/613\/revisions\/614"}],"wp:featuredmedia":[{"embeddable":true,"href":"https:\/\/rifpost.com\/es_es\/wp-json\/wp\/v2\/media\/609"}],"wp:attachment":[{"href":"https:\/\/rifpost.com\/es_es\/wp-json\/wp\/v2\/media?parent=613"}],"wp:term":[{"taxonomy":"category","embeddable":true,"href":"https:\/\/rifpost.com\/es_es\/wp-json\/wp\/v2\/categories?post=613"},{"taxonomy":"post_tag","embeddable":true,"href":"https:\/\/rifpost.com\/es_es\/wp-json\/wp\/v2\/tags?post=613"}],"curies":[{"name":"wp","href":"https:\/\/api.w.org\/{rel}","templated":true}]}}