{"id":603,"date":"2025-04-02T20:14:40","date_gmt":"2025-04-02T18:14:40","guid":{"rendered":"https:\/\/rifpost.com\/es_es\/?p=603"},"modified":"2025-04-11T20:14:44","modified_gmt":"2025-04-11T18:14:44","slug":"de-activista-a-asesino-el-psiquiatra-saudi-antiislam-que-sembro-el-terror-en-alemania","status":"publish","type":"post","link":"https:\/\/rifpost.com\/es_es\/de-activista-a-asesino-el-psiquiatra-saudi-antiislam-que-sembro-el-terror-en-alemania\/","title":{"rendered":"De activista a asesino: el psiquiatra saud\u00ed antiislam que sembr\u00f3 el terror en Alemania"},"content":{"rendered":"\n<p>Alemania, diciembre de 2024 \u2013 El caso de Taleb Al Abdulmohsen ha sacudido a Europa. Este hombre, de origen saud\u00ed y formado como psiquiatra, no solo protagoniz\u00f3 un atropello masivo en un mercadillo navide\u00f1o en Magdeburgo que dej\u00f3 5 muertos y m\u00e1s de 60 heridos, sino que tambi\u00e9n ha destapado una realidad inc\u00f3moda: su radical militancia antiislam.<\/p><p><br><strong>\u00bfQui\u00e9n es Taleb?<\/strong><br><br>Taleb lleg\u00f3 a Alemania en 2006 huyendo de su pa\u00eds, donde dec\u00eda sufrir persecuci\u00f3n. En 2016 obtuvo el asilo, y durante un tiempo fue conocido como un activista por los derechos humanos y cr\u00edtico del r\u00e9gimen saud\u00ed. Pero con los a\u00f1os, su discurso dio un giro radical.<br>Se present\u00f3 como \u201coposici\u00f3n militar saud\u00ed\u201d, atac\u00f3 abiertamente al islam en redes sociales, y empez\u00f3 a apoyar a la ultraderecha alemana, especialmente al partido AfD, conocido por su postura antiinmigraci\u00f3n y antiisl\u00e1mica.<br><br>Sus publicaciones estaban llenas de mensajes incendiarios: acusaba a Alemania de \u00abislamizar Europa\u00bb, posaba con armas semiautom\u00e1ticas y compart\u00eda contenido que rozaba lo paramilitar. Su figura pas\u00f3 de ser la de un refugiado agradecido, a la de un agitador radical con un discurso islam\u00f3fobo peligroso.<br><br><strong>El atentado de Magdeburgo<\/strong><br><br>El 21 de diciembre, Taleb condujo su BMW a toda velocidad contra la multitud que disfrutaba del ambiente navide\u00f1o. Recorri\u00f3 m\u00e1s de 400 metros atropellando a decenas de personas. El horror se apoder\u00f3 del lugar. Fue detenido poco despu\u00e9s, pero el da\u00f1o ya estaba hecho.<br>La investigaci\u00f3n sigue abierta, pero ya se barajan dos posibles m\u00f3viles: una ideolog\u00eda marcada por el odio hacia el islam&#8230; o problemas psicol\u00f3gicos no tratados. Quiz\u00e1s ambas.<br><br><strong>Un perfil que incomoda<\/strong><br><br>El caso rompe todos los esquemas. Taleb no es el \u00abt\u00edpico lobo solitario\u00bb, ni el yihadista que suele protagonizar estos actos. Es un renegado del islam, con un discurso tan extremo que incluso encontr\u00f3 eco en grupos de extrema derecha.<br>Su ataque ha abierto un debate en Alemania y en toda Europa: \u00bfQu\u00e9 pasa cuando el odio al islam no viene del islamismo radical, sino de quienes lo rechazan con furia desde dentro?<br><br>\u00bf<strong>Estamos ante un nuevo tipo de radicalizaci\u00f3n?<\/strong><br><br>Taleb representa una nueva figura inquietante: la del militante antiisl\u00e1mico violento, que no solo rechaza el islam sino que est\u00e1 dispuesto a matar para demostrarlo.<br>El suceso de Magdeburgo es un aviso claro: el extremismo no tiene una sola cara, y el odio, venga de donde venga, siempre termina en tragedia.<\/p>\n\n\n\n<hr class=\"wp-block-separator has-alpha-channel-opacity\"\/>\n\n\n\n<p><br><strong>Desde RifPost<\/strong><br><br>El caso Taleb no es solo una tragedia, es una alerta. Mientras Europa se esfuerza por construir sociedades inclusivas, surgen voces que, bajo la bandera de la libertad o los derechos, esconden un discurso de odio.<br>El extremismo no entiende de religiones ni banderas. Hoy fue un exmusulm\u00e1n radicalizado, ma\u00f1ana podr\u00eda ser cualquier otro fan\u00e1tico, de cualquier bando.<br><br>\u00bfHasta qu\u00e9 punto estamos preparados para detectar estos perfiles antes de que sea tarde? \u00bfD\u00f3nde est\u00e1n los l\u00edmites entre la cr\u00edtica religiosa y el odio disfrazado de activismo?<br><br><br><strong>Queremos saber tu opini\u00f3n<\/strong><br><br>\u00bfCrees que Europa est\u00e1 ignorando un nuevo tipo de radicalizaci\u00f3n?<br>\u00bfEste tipo de discurso antiisl\u00e1mico deber\u00eda estar m\u00e1s vigilado?<br>\u00bfHasta d\u00f3nde llega la libertad de expresi\u00f3n cuando se cruza con el odio?<br><br>D\u00e9janos tu comentario abajo y \u00fanete al debate.<br>Tu voz tambi\u00e9n cuenta.<\/p>\n\n\n\n<hr class=\"wp-block-separator has-alpha-channel-opacity\"\/>\n\n\n\n<p><\/p>\n","protected":false},"excerpt":{"rendered":"<p>Alemania, diciembre de 2024 \u2013 El caso de Taleb Al Abdulmohsen ha sacudido a Europa. Este hombre, de origen saud\u00ed y formado como psiquiatra, no solo protagoniz\u00f3 un atropello masivo en un mercadillo navide\u00f1o en Magdeburgo que dej\u00f3 5 muertos y m\u00e1s de 60 heridos, sino que tambi\u00e9n ha destapado una realidad inc\u00f3moda: su radical militancia antiislam. <a href=\"https:\/\/rifpost.com\/es_es\/de-activista-a-asesino-el-psiquiatra-saudi-antiislam-que-sembro-el-terror-en-alemania\/\" class=\"read-more-link\">[Seguir leyendo&#8230;]<\/a><\/p>\n","protected":false},"author":2,"featured_media":602,"comment_status":"open","ping_status":"open","sticky":false,"template":"","format":"standard","meta":{"_monsterinsights_skip_tracking":false,"_monsterinsights_sitenote_active":false,"_monsterinsights_sitenote_note":"","_monsterinsights_sitenote_category":0,"_uf_show_specific_survey":0,"_uf_disable_surveys":false,"footnotes":""},"categories":[92,31,115,895],"tags":[1528,1533,1539,1526,1527,1536,1098,1535,1531,1540,1538,1530,1525,1529,1537,1542,1524,1534,1532,1541],"class_list":["post-603","post","type-post","status-publish","format-standard","has-post-thumbnail","hentry","category-impactante","category-internacional","category-opinion","category-sociedad","tag-activista-antiislam","tag-afd-alemania","tag-ataque-en-mercadillo-navideno","tag-atentado-magdeburgo","tag-atropello-alemania","tag-discurso-de-odio","tag-extremismo-religioso","tag-islam-y-violencia","tag-islamofobia","tag-libertad-de-expresion-y-odio","tag-magdeburgo-2024","tag-odio-al-islam","tag-psiquiatra-saudi","tag-radicalizacion-en-europa","tag-refugiado-radicalizado","tag-rifpost-noticias","tag-taleb-al-abdulmohsen-2","tag-terrorismo-en-alemania","tag-ultraderecha-alemana","tag-violencia-politica-europa"],"aioseo_notices":[],"_links":{"self":[{"href":"https:\/\/rifpost.com\/es_es\/wp-json\/wp\/v2\/posts\/603","targetHints":{"allow":["GET"]}}],"collection":[{"href":"https:\/\/rifpost.com\/es_es\/wp-json\/wp\/v2\/posts"}],"about":[{"href":"https:\/\/rifpost.com\/es_es\/wp-json\/wp\/v2\/types\/post"}],"author":[{"embeddable":true,"href":"https:\/\/rifpost.com\/es_es\/wp-json\/wp\/v2\/users\/2"}],"replies":[{"embeddable":true,"href":"https:\/\/rifpost.com\/es_es\/wp-json\/wp\/v2\/comments?post=603"}],"version-history":[{"count":1,"href":"https:\/\/rifpost.com\/es_es\/wp-json\/wp\/v2\/posts\/603\/revisions"}],"predecessor-version":[{"id":604,"href":"https:\/\/rifpost.com\/es_es\/wp-json\/wp\/v2\/posts\/603\/revisions\/604"}],"wp:featuredmedia":[{"embeddable":true,"href":"https:\/\/rifpost.com\/es_es\/wp-json\/wp\/v2\/media\/602"}],"wp:attachment":[{"href":"https:\/\/rifpost.com\/es_es\/wp-json\/wp\/v2\/media?parent=603"}],"wp:term":[{"taxonomy":"category","embeddable":true,"href":"https:\/\/rifpost.com\/es_es\/wp-json\/wp\/v2\/categories?post=603"},{"taxonomy":"post_tag","embeddable":true,"href":"https:\/\/rifpost.com\/es_es\/wp-json\/wp\/v2\/tags?post=603"}],"curies":[{"name":"wp","href":"https:\/\/api.w.org\/{rel}","templated":true}]}}