{"id":599,"date":"2025-04-11T18:47:32","date_gmt":"2025-04-11T16:47:32","guid":{"rendered":"https:\/\/rifpost.com\/es_es\/?p=599"},"modified":"2025-04-11T21:42:23","modified_gmt":"2025-04-11T19:42:23","slug":"mercado-inmobiliario-espanol-en-2025-entre-la-escalada-de-precios-y-las-nuevas-politicas-de-vivienda","status":"publish","type":"post","link":"https:\/\/rifpost.com\/es_es\/mercado-inmobiliario-espanol-en-2025-entre-la-escalada-de-precios-y-las-nuevas-politicas-de-vivienda\/","title":{"rendered":"Mercado inmobiliario espa\u00f1ol en 2025: Entre la escalada de precios y las nuevas pol\u00edticas de vivienda"},"content":{"rendered":"\n<p>El panorama inmobiliario espa\u00f1ol atraviesa uno de sus momentos m\u00e1s complejos de las \u00faltimas d\u00e9cadas. Con precios de compra que contin\u00faan su ascenso imparable, un mercado de alquiler cada vez m\u00e1s tensionado y nuevas pol\u00edticas p\u00fablicas que intentan equilibrar la balanza, analizamos en profundidad la situaci\u00f3n actual y las perspectivas del sector inmobiliario en Espa\u00f1a.<br><br><strong>Evoluci\u00f3n de precios: Una tendencia alcista que no cesa<\/strong><br><br>Los datos del primer trimestre de 2025 confirman lo que muchos tem\u00edan: el precio de la vivienda en Espa\u00f1a ha experimentado un incremento interanual del 8,7%, situ\u00e1ndose en m\u00e1ximos hist\u00f3ricos en las principales capitales. Madrid y Barcelona lideran esta escalada con aumentos que superan el 12% respecto al mismo periodo del a\u00f1o anterior.<br><br><em>\u00abEstamos ante un escenario de oferta extraordinariamente limitada frente a una demanda que no deja de crecer, especialmente en las grandes urbes\u00bb<\/em>, explica Mar\u00eda Fern\u00e1ndez, analista inmobiliaria de la consultora Urban Data. \u00abA esto se suma la presi\u00f3n adicional de fondos de inversi\u00f3n que contin\u00faan apostando por el ladrillo espa\u00f1ol como valor refugio\u00bb.<br><br>Este incremento sostenido est\u00e1 ampliando la brecha entre el precio medio de la vivienda y el salario medio de los espa\u00f1oles. Seg\u00fan los \u00faltimos datos del INE, un ciudadano medio necesitar\u00eda destinar el equivalente a 8,3 a\u00f1os de su salario \u00edntegro para adquirir una vivienda de 90m\u00b2 en una capital de provincia, frente a los 7,5 a\u00f1os que necesitaba en 2023.<br><br><strong>El mercado del alquiler: Una presi\u00f3n sin precedentes<\/strong><br><br>Si la compra presenta un escenario complejo, el panorama del alquiler no ofrece mejores perspectivas. Los precios del arrendamiento han experimentado un aumento del 14,2% interanual a nivel nacional, con incrementos que superan el 20% en zonas tur\u00edsticas y grandes n\u00facleos urbanos.<br><br>Algunos datos reveladores sobre la situaci\u00f3n actual:<br><br>&#8211; El precio medio del alquiler se sit\u00faa ya en 14,8\u20ac\/m\u00b2 en Madrid y 16,2\u20ac\/m\u00b2 en Barcelona.<br>&#8211; Un inquilino medio destina el 46% de sus ingresos al pago del alquiler, muy por encima del 30% recomendado por los expertos.<br>&#8211; El tiempo medio para alquilar una vivienda se ha reducido a tan solo 4 d\u00edas en las grandes capitales.<br>&#8211; La oferta de alquiler de larga duraci\u00f3n se ha reducido un 22% en el \u00faltimo a\u00f1o.<br><br><em>\u00abEstamos viviendo las consecuencias de la confluencia de varios factores: la profesionalizaci\u00f3n del sector con la entrada de grandes tenedores, el desv\u00edo de viviendas hacia alquileres tur\u00edsticos y el aumento de la demanda por parte de quienes no pueden acceder a la compra\u00bb,<\/em> se\u00f1ala Pedro G\u00f3mez, portavoz de la Plataforma por el Derecho a la Vivienda.<br><br><strong>Nuevas pol\u00edticas de vivienda: Entre la regulaci\u00f3n y el est\u00edmulo<\/strong><br><br>Ante esta situaci\u00f3n, las administraciones p\u00fablicas han implementado durante el \u00faltimo a\u00f1o diversas medidas destinadas a contener los precios y facilitar el acceso a la vivienda. Entre las m\u00e1s destacadas encontramos:<br><br><strong>Ley de Vivienda 2024<\/strong><br><br>La nueva legislaci\u00f3n, que entr\u00f3 en vigor en septiembre de 2024, incluye medidas como:<br><br>&#8211; Declaraci\u00f3n de zonas tensionadas con control de precios del alquiler, actualmente implementadas en 28 municipios espa\u00f1oles.<br>&#8211; Incremento del 150% del IBI para viviendas vac\u00edas (a partir de la tercera propiedad).<br>&#8211; Obligaci\u00f3n de destinar el 30% de las nuevas promociones a vivienda protegida.<br>&#8211; Prohibici\u00f3n de venta de vivienda p\u00fablica a fondos de inversi\u00f3n.<br><br><strong>Plan Estatal de Vivienda 2025-2028<\/strong><br><br>Con una dotaci\u00f3n de 12.500 millones de euros, el plan incluye:<br><br>&#8211; Construcci\u00f3n de 110.000 viviendas p\u00fablicas en r\u00e9gimen de alquiler social.<br>&#8211; Ayudas directas de hasta 350\u20ac mensuales para j\u00f3venes inquilinos.<br>&#8211; Avales p\u00fablicos para facilitar la compra de primera vivienda a menores de 35 a\u00f1os.<br>&#8211; Rehabilitaci\u00f3n energ\u00e9tica de 500.000 viviendas, con subvenciones de hasta el 80% del coste.<br><br> <strong>Resultados preliminares<\/strong><br><br>Tras los primeros meses de implementaci\u00f3n, los resultados son mixtos. Los datos muestran una ligera contenci\u00f3n en el crecimiento de precios en las zonas tensionadas (del 14,2% al 9,8% interanual), pero tambi\u00e9n una reducci\u00f3n de la oferta de alquiler del 17% en estas mismas zonas.<br><br><em>\u00abLas pol\u00edticas de control de precios suelen tener efectos contraproducentes si no van acompa\u00f1adas de un aumento significativo de la oferta p\u00fablica\u00bb<\/em>, advierte Carlos Mart\u00ednez, economista especializado en vivienda. <em>\u00abEl verdadero reto est\u00e1 en la construcci\u00f3n masiva de vivienda asequible, y eso requiere tiempo e inversi\u00f3n sostenida\u00bb.<\/em><br><br><strong>Perspectivas: \u00bfHacia d\u00f3nde se dirige el mercado?<\/strong><br><br>Las previsiones para el resto de 2025 y 2026 apuntan a una moderaci\u00f3n en el crecimiento de los precios, aunque no se espera una correcci\u00f3n significativa en el corto plazo. Los expertos se\u00f1alan varios factores clave que determinar\u00e1n la evoluci\u00f3n del mercado:<br><br><strong>1. Pol\u00edtica monetaria: <\/strong>La posible bajada de tipos de inter\u00e9s prevista para finales de 2025 podr\u00eda reactivar a\u00fan m\u00e1s la demanda de compra.<br><br><strong>2. Construcci\u00f3n de nueva vivienda:<\/strong> Con 95.000 viviendas iniciadas en 2024, la oferta sigue siendo insuficiente para satisfacer la demanda (estimada en 140.000 viviendas anuales).<br><br><strong>3. Impacto de las nuevas pol\u00edticas: <\/strong>La efectividad de las medidas regulatorias depender\u00e1 en gran parte de su implementaci\u00f3n y de la capacidad para aumentar realmente el parque de vivienda asequible.<br><br><strong>4. Evoluci\u00f3n sociodemogr\u00e1fica: <\/strong>El crecimiento de los hogares unipersonales (ya suponen el 28% del total) y la concentraci\u00f3n en grandes n\u00facleos urbanos seguir\u00e1 presionando los precios al alza.<br><br><strong>La visi\u00f3n de los protagonistas<\/strong><br><br>Para entender mejor la realidad del mercado, hemos querido acercarnos a las experiencias de algunos de los protagonistas:<br><br><em> \u00abLlevo tres a\u00f1os buscando piso para comprar en Madrid. Tengo un buen trabajo y ahorros, pero los precios suben m\u00e1s r\u00e1pido de lo que puedo ahorrar. Cada vez que encuentro algo asequible, para cuando concertamos visita ya hay ofertas por encima del precio de salida.\u00bb<\/em> &#8211; Miguel, 34 a\u00f1os, ingeniero.<br><br><em> \u00abTuve que decidir entre alquilar en la periferia o compartir piso. Pago 850\u20ac por una habitaci\u00f3n con ba\u00f1o en un apartamento compartido. Es casi la mitad de mi salario, pero no me queda otra opci\u00f3n si quiero vivir cerca del trabajo.\u00bb <\/em>&#8211; Laura, 29 a\u00f1os, periodista.<br><br><em> \u00abComo propietario peque\u00f1o, las constantes amenazas de m\u00e1s regulaci\u00f3n me han llevado a vender mis dos pisos en alquiler. Los riesgos y las limitaciones son cada vez mayores, prefiero otras inversiones con menos dolores de cabeza.\u00bb<\/em> &#8211; Antonio, 58 a\u00f1os, peque\u00f1o propietario.<br><br>\u00bfY a ti, c\u00f3mo te afecta esta situaci\u00f3n?<br><br>\u00bfHas notado el impacto de la subida de precios en tu b\u00fasqueda de vivienda? \u00bfCrees que las nuevas pol\u00edticas van en la direcci\u00f3n correcta? \u00bfQu\u00e9 soluciones propones para mejorar el acceso a la vivienda?<br><br>Comparte tu experiencia en los comentarios. Tu testimonio puede ayudar a otros lectores que se encuentran en situaciones similares, y contribuye a crear un retrato m\u00e1s completo de la realidad inmobiliaria espa\u00f1ola.<\/p>\n\n\n\n<p><\/p>\n\n\n\n<hr class=\"wp-block-separator has-alpha-channel-opacity\"\/>\n\n\n\n<p><br><br>El mercado inmobiliario espa\u00f1ol se encuentra en una encrucijada hist\u00f3rica. M\u00e1s all\u00e1 de las cifras y estad\u00edsticas, estamos ante un problema social de primer orden que compromete el proyecto vital de millones de espa\u00f1oles, especialmente j\u00f3venes. <br><br>Desde RifPost consideramos que la soluci\u00f3n pasa necesariamente por un gran pacto nacional por la vivienda que trascienda los ciclos pol\u00edticos, con participaci\u00f3n de todos los agentes implicados: administraciones p\u00fablicas, promotores, entidades financieras, inversores y ciudadan\u00eda.<br><br>La vivienda no puede seguir siendo tratada predominantemente como un activo de inversi\u00f3n, olvidando su funci\u00f3n social esencial. Tampoco podemos caer en la simplificaci\u00f3n de soluciones cortoplacistas que, si bien pueden resultar pol\u00edticamente rentables, no abordan las causas estructurales del problema.<br><br>Espa\u00f1a necesita aumentar significativamente su parque de vivienda asequible, implementar pol\u00edticas urban\u00edsticas m\u00e1s \u00e1giles y sostenibles, y desarrollar modelos innovadores de acceso a la vivienda como el cohousing o la colaboraci\u00f3n p\u00fablico-privada en la promoci\u00f3n de vivienda protegida.<br><br>En las pr\u00f3ximas semanas, RifPost publicar\u00e1 una serie especial sobre modelos de \u00e9xito en pol\u00edtica de vivienda implementados en otros pa\u00edses europeos y su posible adaptaci\u00f3n a la realidad espa\u00f1ola. Te invitamos a seguir esta serie y a participar en el debate sobre uno de los grandes desaf\u00edos de nuestra sociedad.<\/p>\n","protected":false},"excerpt":{"rendered":"<p>El panorama inmobiliario espa\u00f1ol atraviesa uno de sus momentos m\u00e1s complejos de las \u00faltimas d\u00e9cadas. Con precios de compra que contin\u00faan su ascenso imparable, un mercado de alquiler cada vez m\u00e1s tensionado y nuevas pol\u00edticas p\u00fablicas que intentan equilibrar la balanza, analizamos en profundidad la situaci\u00f3n actual y las perspectivas del sector inmobiliario en Espa\u00f1a. Evoluci\u00f3n de <a href=\"https:\/\/rifpost.com\/es_es\/mercado-inmobiliario-espanol-en-2025-entre-la-escalada-de-precios-y-las-nuevas-politicas-de-vivienda\/\" class=\"read-more-link\">[Seguir leyendo&#8230;]<\/a><\/p>\n","protected":false},"author":2,"featured_media":598,"comment_status":"open","ping_status":"open","sticky":false,"template":"","format":"standard","meta":{"_monsterinsights_skip_tracking":false,"_monsterinsights_sitenote_active":false,"_monsterinsights_sitenote_note":"","_monsterinsights_sitenote_category":0,"_uf_show_specific_survey":0,"_uf_disable_surveys":false,"footnotes":""},"categories":[116,42,115,895],"tags":[1512,1517,1497,1508,1510,1523,1503,1507,1495,1521,1498,1519,1513,1504,1501,1509,1494,1500,1511,1502,1505,1496,1515,1518,1516,1506,1514,1522,1520,1499],"class_list":["post-599","post","type-post","status-publish","format-standard","has-post-thumbnail","hentry","category-economia","category-espana","category-opinion","category-sociedad","tag-acceso-primera-vivienda","tag-analisis-sector-inmobiliario","tag-aumento-alquiler-madrid-barcelona","tag-ayudas-compra-vivienda-jovenes","tag-burbuja-inmobiliaria-espana","tag-cohousing-espana-tendencias","tag-comprar-piso-espana","tag-control-precios-alquiler","tag-crisis-vivienda-espana","tag-evolucion-oferta-demanda-vivienda","tag-evolucion-precio-inmobiliario","tag-fondos-inversion-inmobiliaria-espana","tag-hipotecas-tipos-interes-2025","tag-inversion-inmobiliaria-espana","tag-ley-vivienda-2024","tag-mercado-alquiler-tensionado","tag-mercado-inmobiliario-espana-2025","tag-nuevas-politicas-vivienda","tag-perspectivas-mercado-inmobiliario","tag-plan-estatal-vivienda-2025-2028","tag-precio-metro-cuadrado-2025","tag-precios-vivienda-alza","tag-ratio-precio-vivienda-salario","tag-rentabilidad-comprar-vs-alquilar","tag-tendencias-mercado-vivienda","tag-vivienda-asequible-espana","tag-vivienda-protegida-nueva-construccion","tag-vivienda-turistica-impacto-alquiler","tag-vivienda-vacia-impuestos","tag-zonas-tensionadas-alquiler"],"aioseo_notices":[],"_links":{"self":[{"href":"https:\/\/rifpost.com\/es_es\/wp-json\/wp\/v2\/posts\/599","targetHints":{"allow":["GET"]}}],"collection":[{"href":"https:\/\/rifpost.com\/es_es\/wp-json\/wp\/v2\/posts"}],"about":[{"href":"https:\/\/rifpost.com\/es_es\/wp-json\/wp\/v2\/types\/post"}],"author":[{"embeddable":true,"href":"https:\/\/rifpost.com\/es_es\/wp-json\/wp\/v2\/users\/2"}],"replies":[{"embeddable":true,"href":"https:\/\/rifpost.com\/es_es\/wp-json\/wp\/v2\/comments?post=599"}],"version-history":[{"count":3,"href":"https:\/\/rifpost.com\/es_es\/wp-json\/wp\/v2\/posts\/599\/revisions"}],"predecessor-version":[{"id":606,"href":"https:\/\/rifpost.com\/es_es\/wp-json\/wp\/v2\/posts\/599\/revisions\/606"}],"wp:featuredmedia":[{"embeddable":true,"href":"https:\/\/rifpost.com\/es_es\/wp-json\/wp\/v2\/media\/598"}],"wp:attachment":[{"href":"https:\/\/rifpost.com\/es_es\/wp-json\/wp\/v2\/media?parent=599"}],"wp:term":[{"taxonomy":"category","embeddable":true,"href":"https:\/\/rifpost.com\/es_es\/wp-json\/wp\/v2\/categories?post=599"},{"taxonomy":"post_tag","embeddable":true,"href":"https:\/\/rifpost.com\/es_es\/wp-json\/wp\/v2\/tags?post=599"}],"curies":[{"name":"wp","href":"https:\/\/api.w.org\/{rel}","templated":true}]}}