{"id":552,"date":"2025-04-10T11:47:16","date_gmt":"2025-04-10T11:47:16","guid":{"rendered":"https:\/\/rifpost.com\/?p=552"},"modified":"2025-04-10T11:47:34","modified_gmt":"2025-04-10T11:47:34","slug":"%f0%9f%8e%af-te-apasiona-escribir-y-quieres-que-tu-voz-llegue-lejos","status":"publish","type":"post","link":"https:\/\/rifpost.com\/es_es\/%f0%9f%8e%af-te-apasiona-escribir-y-quieres-que-tu-voz-llegue-lejos\/","title":{"rendered":"\ud83c\udfaf \u00bfTe apasiona escribir y quieres que tu voz llegue lejos?"},"content":{"rendered":"\n<p>\u00a1Esta es tu oportunidad de formar parte de un medio con alma propia!<\/p>\n\n\n\n<p>\ud83d\udce2 En <strong>RifPost.com<\/strong>, medio digital independiente centrado en temas sociales, culturales y de actualidad con enfoque en el Rif y el mundo \u00e1rabe, <strong>abrimos convocatoria para nuevos colaboradores, editores y columnistas<\/strong>.<\/p>\n\n\n\n<p>\ud83d\udd8b\ufe0f <strong>\u00bfQu\u00e9 buscamos?<\/strong><br>Personas con ideas, estilo y compromiso. Si tienes algo que contar, una mirada cr\u00edtica, una pluma creativa o un enfoque period\u00edstico, este espacio puede ser tuyo.<\/p>\n\n\n\n<p>\ud83c\udf0d Temas que nos apasionan (y a ti tambi\u00e9n, seguro):<\/p>\n\n\n\n<ul class=\"wp-block-list\">\n<li>Sociedad, historia y cultura del Rif<\/li>\n\n\n\n<li>Derechos humanos y justicia social<\/li>\n\n\n\n<li>Actualidad local, nacional e internacional<\/li>\n\n\n\n<li>Opini\u00f3n y an\u00e1lisis pol\u00edtico<\/li>\n\n\n\n<li>Medio ambiente, feminismos, migraciones y mucho m\u00e1s<\/li>\n<\/ul>\n\n\n\n<p>\u2728 <strong>\u00bfQu\u00e9 ofrecemos?<\/strong><br>\u2714\ufe0f Visibilidad en una plataforma con lectores comprometidos y en constante crecimiento<br>\u2714\ufe0f Difusi\u00f3n de tus art\u00edculos en redes sociales<br>\u2714\ufe0f Espacio para tu firma, bio y redes personales\/profesionales<br>\u2714\ufe0f Posibilidad de colaborar de forma estable y con proyecci\u00f3n<br>\u2714\ufe0f Flexibilidad total: t\u00fa decides tu enfoque, frecuencia y estilo (siempre dentro de nuestra l\u00ednea editorial)<br>\u2714\ufe0f Ser parte de un proyecto aut\u00e9ntico y transformador<\/p>\n\n\n\n<p>\ud83d\udcac Ya contamos contigo: esta publicaci\u00f3n es una <strong>admisi\u00f3n previa por parte de RifPost.com<\/strong>. Solo tienes que dar el paso.<\/p>\n\n\n\n<p>\ud83d\udce9 <strong>\u00bfC\u00f3mo postularte?<\/strong><br>Escr\u00edbenos a <strong><a class=\"\">rrhh@rifpost.com<\/a><\/strong> con:<\/p>\n\n\n\n<ul class=\"wp-block-list\">\n<li>Tu nombre completo<\/li>\n\n\n\n<li>Un breve texto de presentaci\u00f3n (qui\u00e9n eres, qu\u00e9 te mueve y por qu\u00e9 te interesa RifPost)<\/li>\n\n\n\n<li>Ejemplo de alg\u00fan texto escrito (si tienes)<\/li>\n\n\n\n<li>Enlace a tus redes o blog (si aplica)<\/li>\n<\/ul>\n\n\n\n<hr class=\"wp-block-separator has-alpha-channel-opacity\"\/>\n\n\n\n<p>\ud83c\udf99\ufe0f <strong>Haz que tu voz se escuche. \u00danete a RifPost.com y escribe el cambio.<\/strong><br>Te estamos esperando. \ud83c\udf3f<\/p>\n","protected":false},"excerpt":{"rendered":"<p>\u00a1Esta es tu oportunidad de formar parte de un medio con alma propia! \ud83d\udce2 En RifPost.com, medio digital independiente centrado en temas sociales, culturales y de actualidad con enfoque en el Rif y el mundo \u00e1rabe, abrimos convocatoria para nuevos colaboradores, editores y columnistas. \ud83d\udd8b\ufe0f \u00bfQu\u00e9 buscamos?Personas con ideas, estilo y compromiso. Si tienes algo que contar, <a href=\"https:\/\/rifpost.com\/es_es\/%f0%9f%8e%af-te-apasiona-escribir-y-quieres-que-tu-voz-llegue-lejos\/\" class=\"read-more-link\">[Seguir leyendo&#8230;]<\/a><\/p>\n","protected":false},"author":1,"featured_media":553,"comment_status":"open","ping_status":"open","sticky":false,"template":"","format":"standard","meta":{"_monsterinsights_skip_tracking":false,"_monsterinsights_sitenote_active":false,"_monsterinsights_sitenote_note":"","_monsterinsights_sitenote_category":0,"_uf_show_specific_survey":0,"_uf_disable_surveys":false,"footnotes":""},"categories":[1012,8],"tags":[],"class_list":["post-552","post","type-post","status-publish","format-standard","has-post-thumbnail","hentry","category-negocios","category-ofertas"],"aioseo_notices":[],"_links":{"self":[{"href":"https:\/\/rifpost.com\/es_es\/wp-json\/wp\/v2\/posts\/552","targetHints":{"allow":["GET"]}}],"collection":[{"href":"https:\/\/rifpost.com\/es_es\/wp-json\/wp\/v2\/posts"}],"about":[{"href":"https:\/\/rifpost.com\/es_es\/wp-json\/wp\/v2\/types\/post"}],"author":[{"embeddable":true,"href":"https:\/\/rifpost.com\/es_es\/wp-json\/wp\/v2\/users\/1"}],"replies":[{"embeddable":true,"href":"https:\/\/rifpost.com\/es_es\/wp-json\/wp\/v2\/comments?post=552"}],"version-history":[{"count":1,"href":"https:\/\/rifpost.com\/es_es\/wp-json\/wp\/v2\/posts\/552\/revisions"}],"predecessor-version":[{"id":554,"href":"https:\/\/rifpost.com\/es_es\/wp-json\/wp\/v2\/posts\/552\/revisions\/554"}],"wp:featuredmedia":[{"embeddable":true,"href":"https:\/\/rifpost.com\/es_es\/wp-json\/wp\/v2\/media\/553"}],"wp:attachment":[{"href":"https:\/\/rifpost.com\/es_es\/wp-json\/wp\/v2\/media?parent=552"}],"wp:term":[{"taxonomy":"category","embeddable":true,"href":"https:\/\/rifpost.com\/es_es\/wp-json\/wp\/v2\/categories?post=552"},{"taxonomy":"post_tag","embeddable":true,"href":"https:\/\/rifpost.com\/es_es\/wp-json\/wp\/v2\/tags?post=552"}],"curies":[{"name":"wp","href":"https:\/\/api.w.org\/{rel}","templated":true}]}}