{"id":538,"date":"2025-03-07T15:01:51","date_gmt":"2025-03-07T15:01:51","guid":{"rendered":"https:\/\/rifpost.com\/es_es\/?p=538"},"modified":"2025-03-21T15:01:55","modified_gmt":"2025-03-21T15:01:55","slug":"golpe-al-sector-ovino-espanol-marruecos-cancela-la-fiesta-del-cordero-por-la-sequia","status":"publish","type":"post","link":"https:\/\/rifpost.com\/es_es\/golpe-al-sector-ovino-espanol-marruecos-cancela-la-fiesta-del-cordero-por-la-sequia\/","title":{"rendered":"Golpe al sector ovino espa\u00f1ol: Marruecos cancela la Fiesta del Cordero por la sequ\u00eda"},"content":{"rendered":"\n<p>Por redacci\u00f3n | Rifpost.com<br><br>La reciente decisi\u00f3n del rey Mohamed VI de cancelar la Fiesta del Cordero (Eid al-Adha) ha generado un fuerte impacto en el sector ovino espa\u00f1ol. Marruecos, principal comprador de corderos espa\u00f1oles para esta celebraci\u00f3n, ha optado por suspender el evento debido a la severa sequ\u00eda y la escasez de ganado en el pa\u00eds.<br><br><strong>Un mercado clave en crisis<\/strong><br><br>Cada a\u00f1o, Marruecos importa aproximadamente 850.000 corderos vivos para la Fiesta del Cordero, y el 80% de ellos provienen de Espa\u00f1a. Esta demanda ha sido fundamental para el equilibrio del mercado ovino espa\u00f1ol, en especial para regiones como Extremadura, Castilla-La Mancha y Arag\u00f3n, que dependen en gran parte de las exportaciones hacia el pa\u00eds vecino.<br><br>Sin embargo, la dr\u00e1stica medida tomada por el monarca marroqu\u00ed ha dejado a los ganaderos espa\u00f1oles en una situaci\u00f3n de incertidumbre. La sobreoferta de corderos en el mercado nacional podr\u00eda derivar en una ca\u00edda de precios y afectar gravemente la rentabilidad de las explotaciones ganaderas.<br><br><strong>Impacto en el sector y reacci\u00f3n de los ganaderos<\/strong><br><br>Las primeras consecuencias ya se han hecho notar. Seg\u00fan fuentes del sector, la lonja de MercaMurcia ha registrado una ca\u00edda en la cotizaci\u00f3n del cordero vivo tras el anuncio. Los ganaderos temen que esta tendencia contin\u00fae en las pr\u00f3ximas semanas, provocando p\u00e9rdidas millonarias.<br><br>Eduardo Lavado, un ganadero extreme\u00f1o con m\u00e1s de 800 cabezas de ovino, se\u00f1ala que la medida \u00abllega en el peor momento posible\u00bb. \u00abLlevamos meses lidiando con la enfermedad de la lengua azul y ahora nos enfrentamos a un mercado sin salida para nuestros corderos\u00bb, lamenta.<br><br><strong>Una oportunidad para el mercado interno<\/strong><br><br>No obstante, algunos expertos ven en esta crisis una posible oportunidad. La Asociaci\u00f3n Nacional de Industrias de la Carne en Espa\u00f1a (Anice) considera que la cancelaci\u00f3n de la Fiesta del Cordero en Marruecos podr\u00eda ayudar a regular los precios en el mercado interno y fomentar el consumo local.<br><br>\u00abEspa\u00f1a es uno de los principales productores de cordero de Europa, pero el consumo interno sigue siendo bajo. Esta situaci\u00f3n podr\u00eda servir para revalorizar la carne ovina dentro de nuestras fronteras\u00bb, indican desde Anice.<br><br>Adem\u00e1s, desde la Asociaci\u00f3n Empresarial C\u00e1rnica (Anafric) apuntan a la necesidad de diversificar mercados y buscar nuevos destinos para la exportaci\u00f3n de ovino espa\u00f1ol. \u00abTenemos que reducir la dependencia de Marruecos y explorar opciones en otros pa\u00edses del Magreb, Oriente Medio y Europa\u00bb, explican.<br><br><strong>Un llamado a la acci\u00f3n del Gobierno<\/strong><br><br>Ante este panorama, el sector ovino espa\u00f1ol exige medidas urgentes por parte del Gobierno. Entre las principales demandas se encuentran ayudas directas a los ganaderos afectados, incentivos para la exportaci\u00f3n y campa\u00f1as de promoci\u00f3n del consumo de cordero en el mercado nacional.<br><br>Adem\u00e1s, se espera que el Ejecutivo negocie con Marruecos posibles soluciones para mitigar el impacto de esta decisi\u00f3n y, si es posible, abrir un di\u00e1logo sobre futuras exportaciones en otros periodos del a\u00f1o.<br><br><strong>En definitiva <\/strong><br><br>La cancelaci\u00f3n de la Fiesta del Cordero en Marruecos es un duro golpe para los ganaderos espa\u00f1oles, que ya enfrentaban dificultades debido a la enfermedad de la lengua azul y la subida de costes. Aunque la situaci\u00f3n es compleja, tambi\u00e9n representa una oportunidad para replantear el modelo de negocio del sector ovino y reducir la dependencia del mercado marroqu\u00ed.<br><br>El futuro del ovino espa\u00f1ol depender\u00e1 en gran parte de la capacidad de adaptaci\u00f3n del sector y del apoyo que reciba por parte de las administraciones. La crisis est\u00e1 servida, pero tambi\u00e9n lo est\u00e1 la oportunidad de transformar un sector clave en la econom\u00eda rural espa\u00f1ola.<\/p>\n","protected":false},"excerpt":{"rendered":"<p>Por redacci\u00f3n | Rifpost.com La reciente decisi\u00f3n del rey Mohamed VI de cancelar la Fiesta del Cordero (Eid al-Adha) ha generado un fuerte impacto en el sector ovino espa\u00f1ol. Marruecos, principal comprador de corderos espa\u00f1oles para esta celebraci\u00f3n, ha optado por suspender el evento debido a la severa sequ\u00eda y la escasez de ganado en el pa\u00eds. <a href=\"https:\/\/rifpost.com\/es_es\/golpe-al-sector-ovino-espanol-marruecos-cancela-la-fiesta-del-cordero-por-la-sequia\/\" class=\"read-more-link\">[Seguir leyendo&#8230;]<\/a><\/p>\n","protected":false},"author":2,"featured_media":537,"comment_status":"open","ping_status":"open","sticky":false,"template":"","format":"standard","meta":{"_monsterinsights_skip_tracking":false,"_monsterinsights_sitenote_active":false,"_monsterinsights_sitenote_note":"","_monsterinsights_sitenote_category":0,"_uf_show_specific_survey":0,"_uf_disable_surveys":false,"footnotes":""},"categories":[116,42,379],"tags":[1277,1275,1269,1276,1265,1217,1264,1271,1218,1270,1263,1272,80,1267,1262,1268,1261,1273,1266,1274],"class_list":["post-538","post","type-post","status-publish","format-standard","has-post-thumbnail","hentry","category-economia","category-espana","category-marruecos","tag-ayudas-a-ganaderos","tag-caida-de-precios-ovino","tag-cancelacion-fiesta-del-cordero","tag-consumo-de-cordero-en-espana","tag-crisis-del-ovino","tag-eid-al-adha","tag-exportacion-de-corderos","tag-exportacion-ovino-marruecos","tag-fiesta-del-cordero","tag-ganaderia-espana","tag-ganaderos-espana","tag-impacto-economico-ganaderos","tag-marruecos","tag-mercado-ovino","tag-ovino-espanol","tag-precios-del-cordero","tag-rey-mohamed-vi","tag-sector-carnico-espana","tag-sequia-marruecos","tag-sobreoferta-de-corderos"],"aioseo_notices":[],"_links":{"self":[{"href":"https:\/\/rifpost.com\/es_es\/wp-json\/wp\/v2\/posts\/538","targetHints":{"allow":["GET"]}}],"collection":[{"href":"https:\/\/rifpost.com\/es_es\/wp-json\/wp\/v2\/posts"}],"about":[{"href":"https:\/\/rifpost.com\/es_es\/wp-json\/wp\/v2\/types\/post"}],"author":[{"embeddable":true,"href":"https:\/\/rifpost.com\/es_es\/wp-json\/wp\/v2\/users\/2"}],"replies":[{"embeddable":true,"href":"https:\/\/rifpost.com\/es_es\/wp-json\/wp\/v2\/comments?post=538"}],"version-history":[{"count":1,"href":"https:\/\/rifpost.com\/es_es\/wp-json\/wp\/v2\/posts\/538\/revisions"}],"predecessor-version":[{"id":539,"href":"https:\/\/rifpost.com\/es_es\/wp-json\/wp\/v2\/posts\/538\/revisions\/539"}],"wp:featuredmedia":[{"embeddable":true,"href":"https:\/\/rifpost.com\/es_es\/wp-json\/wp\/v2\/media\/537"}],"wp:attachment":[{"href":"https:\/\/rifpost.com\/es_es\/wp-json\/wp\/v2\/media?parent=538"}],"wp:term":[{"taxonomy":"category","embeddable":true,"href":"https:\/\/rifpost.com\/es_es\/wp-json\/wp\/v2\/categories?post=538"},{"taxonomy":"post_tag","embeddable":true,"href":"https:\/\/rifpost.com\/es_es\/wp-json\/wp\/v2\/tags?post=538"}],"curies":[{"name":"wp","href":"https:\/\/api.w.org\/{rel}","templated":true}]}}