{"id":533,"date":"2025-02-28T19:40:45","date_gmt":"2025-02-28T19:40:45","guid":{"rendered":"https:\/\/rifpost.com\/es_es\/?p=533"},"modified":"2025-02-28T19:42:48","modified_gmt":"2025-02-28T19:42:48","slug":"ramadan-2025-un-mes-de-reflexion-unidad-y-bendiciones","status":"publish","type":"post","link":"https:\/\/rifpost.com\/es_es\/ramadan-2025-un-mes-de-reflexion-unidad-y-bendiciones\/","title":{"rendered":"Ramad\u00e1n 2025: Un Mes de Reflexi\u00f3n, Unidad y Bendiciones"},"content":{"rendered":"\n<p>El mes sagrado de Ramad\u00e1n est\u00e1 a punto de comenzar, y seg\u00fan las autoridades religiosas de Marruecos, el primer d\u00eda de ayuno ser\u00e1 el domingo 2 de marzo de 2025. Con la llegada de este mes bendito, millones de musulmanes en todo el mundo se preparan para un periodo de reflexi\u00f3n, espiritualidad y solidaridad.<br><br>El Ramad\u00e1n, el comienzo de un tiempo sagrado de reflexi\u00f3n, gratitud y conexi\u00f3n espiritual para millones de musulmanes en todo el mundo. Desde RifPost queremos felicitar a toda la comunidad en este inicio del mes bendito, deseando que sea un periodo de paz, armon\u00eda y crecimiento personal.<br><br>El Ramad\u00e1n no es solo un mes de ayuno desde el alba hasta la puesta de sol, sino tambi\u00e9n una oportunidad para fortalecer la fe, cultivar la paciencia y reforzar los lazos de solidaridad con los dem\u00e1s. Es un tiempo en el que la generosidad y la empat\u00eda cobran un papel central, record\u00e1ndonos la importancia de ayudar a quienes m\u00e1s lo necesitan.<br><br>Durante este mes, las noches se iluminan con el Tarawih, las calles vibran con un esp\u00edritu especial y las familias se re\u00fanen para compartir el Iftar, el momento en que se rompe el ayuno. Cada d\u00eda es una nueva oportunidad para la introspecci\u00f3n y la conexi\u00f3n con lo verdaderamente esencial.<br><br>Desde RifPost, enviamos nuestros mejores deseos a todos los que inician este hermoso viaje espiritual. Que este Ramad\u00e1n sea un mes de bendiciones, salud y prosperidad para todos. <\/p>\n\n\n\n<p>\u00a1Ramad\u00e1n Mubarak!<br><br><\/p>\n","protected":false},"excerpt":{"rendered":"<p>El mes sagrado de Ramad\u00e1n est\u00e1 a punto de comenzar, y seg\u00fan las autoridades religiosas de Marruecos, el primer d\u00eda de ayuno ser\u00e1 el domingo 2 de marzo de 2025. Con la llegada de este mes bendito, millones de musulmanes en todo el mundo se preparan para un periodo de reflexi\u00f3n, espiritualidad y solidaridad. El Ramad\u00e1n, el <a href=\"https:\/\/rifpost.com\/es_es\/ramadan-2025-un-mes-de-reflexion-unidad-y-bendiciones\/\" class=\"read-more-link\">[Seguir leyendo&#8230;]<\/a><\/p>\n","protected":false},"author":2,"featured_media":532,"comment_status":"open","ping_status":"open","sticky":false,"template":"","format":"standard","meta":{"_monsterinsights_skip_tracking":false,"_monsterinsights_sitenote_active":false,"_monsterinsights_sitenote_note":"","_monsterinsights_sitenote_category":0,"_uf_show_specific_survey":0,"_uf_disable_surveys":false,"footnotes":""},"categories":[25,379],"tags":[1258,1250,1260,1251,1259,1257,1256,1247,1253,1255,1248,1249,1228,1254,1252],"class_list":["post-533","post","type-post","status-publish","format-standard","has-post-thumbnail","hentry","category-curiosidades","category-marruecos","tag-ayuno-islamico","tag-ayuno-ramadan","tag-bendiciones-ramadan","tag-calendario-ramadan-marruecos","tag-comunidad-musulmana","tag-espiritualidad-ramadan","tag-iftar-2025","tag-inicio-ramadan-marruecos","tag-mes-sagrado-islam","tag-oracion-tarawih","tag-primer-dia-ramadan-2025","tag-ramadan-2-de-marzo","tag-ramadan-2025","tag-ramadan-fechas-2025","tag-ramadan-mubarak"],"aioseo_notices":[],"_links":{"self":[{"href":"https:\/\/rifpost.com\/es_es\/wp-json\/wp\/v2\/posts\/533","targetHints":{"allow":["GET"]}}],"collection":[{"href":"https:\/\/rifpost.com\/es_es\/wp-json\/wp\/v2\/posts"}],"about":[{"href":"https:\/\/rifpost.com\/es_es\/wp-json\/wp\/v2\/types\/post"}],"author":[{"embeddable":true,"href":"https:\/\/rifpost.com\/es_es\/wp-json\/wp\/v2\/users\/2"}],"replies":[{"embeddable":true,"href":"https:\/\/rifpost.com\/es_es\/wp-json\/wp\/v2\/comments?post=533"}],"version-history":[{"count":1,"href":"https:\/\/rifpost.com\/es_es\/wp-json\/wp\/v2\/posts\/533\/revisions"}],"predecessor-version":[{"id":534,"href":"https:\/\/rifpost.com\/es_es\/wp-json\/wp\/v2\/posts\/533\/revisions\/534"}],"wp:featuredmedia":[{"embeddable":true,"href":"https:\/\/rifpost.com\/es_es\/wp-json\/wp\/v2\/media\/532"}],"wp:attachment":[{"href":"https:\/\/rifpost.com\/es_es\/wp-json\/wp\/v2\/media?parent=533"}],"wp:term":[{"taxonomy":"category","embeddable":true,"href":"https:\/\/rifpost.com\/es_es\/wp-json\/wp\/v2\/categories?post=533"},{"taxonomy":"post_tag","embeddable":true,"href":"https:\/\/rifpost.com\/es_es\/wp-json\/wp\/v2\/tags?post=533"}],"curies":[{"name":"wp","href":"https:\/\/api.w.org\/{rel}","templated":true}]}}