{"id":526,"date":"2025-02-26T12:39:22","date_gmt":"2025-02-26T12:39:22","guid":{"rendered":"https:\/\/rifpost.com\/es_es\/?p=526"},"modified":"2025-02-27T12:41:56","modified_gmt":"2025-02-27T12:41:56","slug":"mohamed-vi-suspende-el-eid-al-adha-en-marruecos-un-llamado-a-la-solidaridad-en-tiempos-de-crisis","status":"publish","type":"post","link":"https:\/\/rifpost.com\/es_es\/mohamed-vi-suspende-el-eid-al-adha-en-marruecos-un-llamado-a-la-solidaridad-en-tiempos-de-crisis\/","title":{"rendered":"Mohamed VI Suspende el Eid al-Adha en Marruecos: Un Llamado a la Solidaridad en Tiempos de Crisis"},"content":{"rendered":"\n<p>El rey Mohamed VI de Marruecos ha instado a la poblaci\u00f3n a abstenerse de celebrar este a\u00f1o la tradicional festividad del Eid al-Adha, conocida como la Fiesta del Cordero, debido a la prolongada sequ\u00eda y la escasez de ganado que afectan al pa\u00eds. Esta festividad, una de las m\u00e1s importantes en el calendario musulm\u00e1n, estaba programada para el pr\u00f3ximo mes de junio.<br><br>El anuncio fue realizado por el ministro de Asuntos Isl\u00e1micos, Ahmed Taoufik, quien transmiti\u00f3 un mensaje del monarca durante el noticiero principal de la cadena marroqu\u00ed Al Oula. En su comunicado, Mohamed VI destac\u00f3 la significativa disminuci\u00f3n en la poblaci\u00f3n de ganado, atribuida a los desaf\u00edos clim\u00e1ticos y econ\u00f3micos que enfrenta Marruecos. Adem\u00e1s, subray\u00f3 que la celebraci\u00f3n de la fiesta en estas condiciones podr\u00eda perjudicar a amplios sectores de la poblaci\u00f3n, especialmente a aquellos con ingresos limitados. <br><br>La \u00faltima vez que Marruecos suspendi\u00f3 esta festividad fue en 1996, cuando el entonces rey Has\u00e1n II tom\u00f3 una decisi\u00f3n similar debido a una severa sequ\u00eda. En los \u00faltimos seis a\u00f1os, Marruecos ha experimentado una sequ\u00eda extrema que ha reducido las reservas de agua de los embalses a menos del 30% de su capacidad y ha provocado una disminuci\u00f3n del 38% en la caba\u00f1a ganadera desde 2016. <br><br>Ante esta situaci\u00f3n, las autoridades han recomendado reducir el consumo de carne y limitar los sacrificios de animales para permitir la recuperaci\u00f3n del sector ganadero. Como medida temporal, Marruecos ha firmado un acuerdo para importar 100.000 corderos desde Australia, con el objetivo de estabilizar los precios en el mercado local y garantizar el suministro de carne. <br><br>El Eid al-Adha conmemora la disposici\u00f3n del profeta Ibrahim (Abraham) a sacrificar a su hijo en obediencia a Dios. Tradicionalmente, las familias musulmanas sacrifican un animal, generalmente un cordero, y comparten la carne con familiares y personas necesitadas. Este a\u00f1o, el rey Mohamed VI ha instado a los ciudadanos a conmemorar la festividad mediante la oraci\u00f3n colectiva, la solidaridad y la caridad, en lugar del sacrificio habitual. <br><br>Esta decisi\u00f3n refleja la gravedad de los desaf\u00edos clim\u00e1ticos y econ\u00f3micos que enfrenta Marruecos y busca proteger a las familias m\u00e1s vulnerables en un contexto de recursos limitados.<\/p>\n","protected":false},"excerpt":{"rendered":"<p>El rey Mohamed VI de Marruecos ha instado a la poblaci\u00f3n a abstenerse de celebrar este a\u00f1o la tradicional festividad del Eid al-Adha, conocida como la Fiesta del Cordero, debido a la prolongada sequ\u00eda y la escasez de ganado que afectan al pa\u00eds. Esta festividad, una de las m\u00e1s importantes en el calendario musulm\u00e1n, estaba programada para <a href=\"https:\/\/rifpost.com\/es_es\/mohamed-vi-suspende-el-eid-al-adha-en-marruecos-un-llamado-a-la-solidaridad-en-tiempos-de-crisis\/\" class=\"read-more-link\">[Seguir leyendo&#8230;]<\/a><\/p>\n","protected":false},"author":2,"featured_media":525,"comment_status":"open","ping_status":"open","sticky":false,"template":"","format":"standard","meta":{"_monsterinsights_skip_tracking":false,"_monsterinsights_sitenote_active":false,"_monsterinsights_sitenote_note":"","_monsterinsights_sitenote_category":0,"_uf_show_specific_survey":0,"_uf_disable_surveys":false,"footnotes":""},"categories":[116,379,895],"tags":[1227,1221,1217,1205,1218,1222,861,80,1224,1216,1225,1219,1220,1226,1223],"class_list":["post-526","post","type-post","status-publish","format-standard","has-post-thumbnail","hentry","category-economia","category-marruecos","category-sociedad","tag-crisis-alimentaria","tag-crisis-ganadera","tag-eid-al-adha","tag-escasez-de-agua","tag-fiesta-del-cordero","tag-impacto-climatico","tag-impacto-social","tag-marruecos","tag-medidas-gubernamentales","tag-mohamed-vi","tag-religion-y-economia","tag-sacrificio-de-corderos","tag-sequia-en-marruecos","tag-solidaridad-marruecos","tag-suspension-eid-al-adha"],"aioseo_notices":[],"_links":{"self":[{"href":"https:\/\/rifpost.com\/es_es\/wp-json\/wp\/v2\/posts\/526","targetHints":{"allow":["GET"]}}],"collection":[{"href":"https:\/\/rifpost.com\/es_es\/wp-json\/wp\/v2\/posts"}],"about":[{"href":"https:\/\/rifpost.com\/es_es\/wp-json\/wp\/v2\/types\/post"}],"author":[{"embeddable":true,"href":"https:\/\/rifpost.com\/es_es\/wp-json\/wp\/v2\/users\/2"}],"replies":[{"embeddable":true,"href":"https:\/\/rifpost.com\/es_es\/wp-json\/wp\/v2\/comments?post=526"}],"version-history":[{"count":1,"href":"https:\/\/rifpost.com\/es_es\/wp-json\/wp\/v2\/posts\/526\/revisions"}],"predecessor-version":[{"id":527,"href":"https:\/\/rifpost.com\/es_es\/wp-json\/wp\/v2\/posts\/526\/revisions\/527"}],"wp:featuredmedia":[{"embeddable":true,"href":"https:\/\/rifpost.com\/es_es\/wp-json\/wp\/v2\/media\/525"}],"wp:attachment":[{"href":"https:\/\/rifpost.com\/es_es\/wp-json\/wp\/v2\/media?parent=526"}],"wp:term":[{"taxonomy":"category","embeddable":true,"href":"https:\/\/rifpost.com\/es_es\/wp-json\/wp\/v2\/categories?post=526"},{"taxonomy":"post_tag","embeddable":true,"href":"https:\/\/rifpost.com\/es_es\/wp-json\/wp\/v2\/tags?post=526"}],"curies":[{"name":"wp","href":"https:\/\/api.w.org\/{rel}","templated":true}]}}