{"id":493,"date":"2025-01-02T22:48:58","date_gmt":"2025-01-02T22:48:58","guid":{"rendered":"https:\/\/rifpost.com\/es_es\/?p=493"},"modified":"2025-01-02T22:48:59","modified_gmt":"2025-01-02T22:48:59","slug":"apertura-de-la-aduana-comercial-entre-melilla-y-marruecos-avances-y-controversias","status":"publish","type":"post","link":"https:\/\/rifpost.com\/es_es\/apertura-de-la-aduana-comercial-entre-melilla-y-marruecos-avances-y-controversias\/","title":{"rendered":"Apertura de la Aduana Comercial entre Melilla y Marruecos: Avances y Controversias"},"content":{"rendered":"\n<p>Espa\u00f1a y Marruecos est\u00e1n a punto de reabrir la aduana comercial de Melilla y establecer una nueva en Ceuta, tras m\u00e1s de dos a\u00f1os de negociaciones. La aduana de Melilla, cerrada unilateralmente por Marruecos en agosto de 2018, ser\u00e1 reabierta, mientras que Ceuta contar\u00e1 por primera vez con una aduana comercial. <br><br>Aunque no se ha establecido una fecha exacta para la apertura, se espera que ocurra en los pr\u00f3ximos d\u00edas, una vez se completen los tr\u00e1mites necesarios para el paso de las primeras mercanc\u00edas. Inicialmente, el intercambio comercial estar\u00e1 limitado a un cami\u00f3n diario por aduana en cada sentido, transportando productos espec\u00edficos:<br><br>Desde Marruecos: productos frescos como frutas, verduras, pescados y \u00e1ridos.<br><br>Desde Espa\u00f1a: productos de higiene, limpieza, electrodom\u00e9sticos y electr\u00f3nica. <br><br><br>Esta reapertura ha generado debate en Melilla. El presidente de la ciudad, Juan Jos\u00e9 Imbroda, ha expresado su preocupaci\u00f3n, argumentando que las condiciones actuales podr\u00edan perjudicar al comercio local y afectar la soberan\u00eda econ\u00f3mica de la ciudad. Imbroda teme que Melilla sea considerada \u00abuna ciudad marroqu\u00ed m\u00e1s\u00bb y ha amenazado con emprender acciones legales para defender los intereses econ\u00f3micos de la regi\u00f3n. <br><br>Por su parte, la delegada del Gobierno en Melilla, Sabrina Moh, ha se\u00f1alado que la reapertura se realizar\u00e1 de manera progresiva y adaptada a las necesidades actuales, buscando reemplazar el comercio at\u00edpico por un intercambio regular y controlado. <br><br>La apertura de estas aduanas representa un paso significativo en las relaciones comerciales entre Espa\u00f1a y Marruecos, con el objetivo de formalizar y regularizar el intercambio de mercanc\u00edas, fortaleciendo la cooperaci\u00f3n bilateral y beneficiando a las econom\u00edas locales de ambas naciones.<br><br><br><br><\/p>\n","protected":false},"excerpt":{"rendered":"<p>Espa\u00f1a y Marruecos est\u00e1n a punto de reabrir la aduana comercial de Melilla y establecer una nueva en Ceuta, tras m\u00e1s de dos a\u00f1os de negociaciones. La aduana de Melilla, cerrada unilateralmente por Marruecos en agosto de 2018, ser\u00e1 reabierta, mientras que Ceuta contar\u00e1 por primera vez con una aduana comercial. Aunque no se ha establecido una <a href=\"https:\/\/rifpost.com\/es_es\/apertura-de-la-aduana-comercial-entre-melilla-y-marruecos-avances-y-controversias\/\" class=\"read-more-link\">[Seguir leyendo&#8230;]<\/a><\/p>\n","protected":false},"author":2,"featured_media":492,"comment_status":"open","ping_status":"open","sticky":false,"template":"","format":"standard","meta":{"_monsterinsights_skip_tracking":false,"_monsterinsights_sitenote_active":false,"_monsterinsights_sitenote_note":"","_monsterinsights_sitenote_category":0,"_uf_show_specific_survey":0,"_uf_disable_surveys":false,"footnotes":""},"categories":[116,42,379,114],"tags":[1120,1121,1129,1135,1123,721,1130,1128,1127,1124,1132,1134,1126,1122,1125,1133,1131],"class_list":["post-493","post","type-post","status-publish","format-standard","has-post-thumbnail","hentry","category-economia","category-espana","category-marruecos","category-melilla","tag-aduana-comercial-melilla","tag-aduana-marruecos","tag-comercio-atipico-melilla","tag-comercio-bilateral-espana-marruecos","tag-comercio-espana-marruecos","tag-comercio-transfronterizo","tag-cooperacion-economica-espana-marruecos","tag-exportaciones-espana-marruecos","tag-importaciones-melilla","tag-intercambio-comercial-melilla-marruecos","tag-juan-jose-imbroda-aduana","tag-noticias-melilla-2025","tag-productos-frescos-marruecos","tag-reapertura-aduana-melilla","tag-relaciones-espana-marruecos","tag-sabrina-moh-aduana","tag-soberania-economica-melilla"],"aioseo_notices":[],"_links":{"self":[{"href":"https:\/\/rifpost.com\/es_es\/wp-json\/wp\/v2\/posts\/493","targetHints":{"allow":["GET"]}}],"collection":[{"href":"https:\/\/rifpost.com\/es_es\/wp-json\/wp\/v2\/posts"}],"about":[{"href":"https:\/\/rifpost.com\/es_es\/wp-json\/wp\/v2\/types\/post"}],"author":[{"embeddable":true,"href":"https:\/\/rifpost.com\/es_es\/wp-json\/wp\/v2\/users\/2"}],"replies":[{"embeddable":true,"href":"https:\/\/rifpost.com\/es_es\/wp-json\/wp\/v2\/comments?post=493"}],"version-history":[{"count":1,"href":"https:\/\/rifpost.com\/es_es\/wp-json\/wp\/v2\/posts\/493\/revisions"}],"predecessor-version":[{"id":494,"href":"https:\/\/rifpost.com\/es_es\/wp-json\/wp\/v2\/posts\/493\/revisions\/494"}],"wp:featuredmedia":[{"embeddable":true,"href":"https:\/\/rifpost.com\/es_es\/wp-json\/wp\/v2\/media\/492"}],"wp:attachment":[{"href":"https:\/\/rifpost.com\/es_es\/wp-json\/wp\/v2\/media?parent=493"}],"wp:term":[{"taxonomy":"category","embeddable":true,"href":"https:\/\/rifpost.com\/es_es\/wp-json\/wp\/v2\/categories?post=493"},{"taxonomy":"post_tag","embeddable":true,"href":"https:\/\/rifpost.com\/es_es\/wp-json\/wp\/v2\/tags?post=493"}],"curies":[{"name":"wp","href":"https:\/\/api.w.org\/{rel}","templated":true}]}}