{"id":453,"date":"2024-12-15T17:37:50","date_gmt":"2024-12-15T15:37:50","guid":{"rendered":"https:\/\/rifpost.com\/es_es\/?p=453"},"modified":"2025-11-03T20:05:37","modified_gmt":"2025-11-03T18:05:37","slug":"isak-andic-un-legado-de-exito-empresarial-marcado-por-la-tragedia","status":"publish","type":"post","link":"https:\/\/rifpost.com\/es_es\/isak-andic-un-legado-de-exito-empresarial-marcado-por-la-tragedia\/","title":{"rendered":"Isak Andic: Un legado de \u00e9xito empresarial marcado por la tragedia"},"content":{"rendered":"\n<p>Isak Andic, fundador de Mango y una figura destacada del sector empresarial espa\u00f1ol, falleci\u00f3 tr\u00e1gicamente el pasado 14 de diciembre de 2024 en un accidente mientras realizaba senderismo cerca de las cuevas de Collbat\u00f3, Barcelona. Con 71 a\u00f1os, su partida repentina deja un enorme vac\u00edo en el \u00e1mbito empresarial y un legado que transform\u00f3 la moda espa\u00f1ola en un referente internacional.<br><br><strong>Un visionario de origen humilde<\/strong><br><br>Nacido en Estambul en 1953, en el seno de una familia jud\u00eda sefard\u00ed, Andic lleg\u00f3 a Barcelona con apenas 16 a\u00f1os, acompa\u00f1ado por su familia en busca de nuevas oportunidades. Desde joven mostr\u00f3 un gran instinto empresarial. Inici\u00f3 su trayectoria vendiendo camisetas por encargo, un emprendimiento que con el tiempo evolucion\u00f3 hasta convertirse en Mango, fundada en 1984. La marca, conocida por su enfoque innovador en el dise\u00f1o y la accesibilidad, creci\u00f3 exponencialmente, alcanzando una presencia en m\u00e1s de 100 pa\u00edses y posicion\u00e1ndose como una de las firmas m\u00e1s reconocidas del sector.<br><br><strong>La consolidaci\u00f3n de Mango<\/strong><br><br>Bajo la direcci\u00f3n de Andic, Mango no solo se convirti\u00f3 en un gigante del comercio minorista, sino que tambi\u00e9n marc\u00f3 tendencias en la internacionalizaci\u00f3n del sector textil espa\u00f1ol. Su modelo de negocio combinaba dise\u00f1o propio, fabricaci\u00f3n optimizada y un control log\u00edstico avanzado. Esta estrategia permiti\u00f3 a la empresa lograr un crecimiento constante y, en 2024, alcanzar uno de los mejores semestres de su historia, con ingresos cercanos a 1.550 millones de euros.<br><br>Adem\u00e1s, Andic supo diversificar sus intereses empresariales, convirti\u00e9ndose en el hombre m\u00e1s rico de Catalu\u00f1a y el quinto m\u00e1s rico de Espa\u00f1a, con una fortuna estimada de 5.400 millones de euros\u30108\u3011.<br><br><strong>Reconocimientos y liderazgo discreto<\/strong><br><br>A lo largo de su carrera, Isak Andic recibi\u00f3 numerosos premios y reconocimientos. En marzo de 2024, el rey Felipe VI le entreg\u00f3 el Premio Reino de Espa\u00f1a a la Trayectoria Empresarial, destacando su capacidad para transformar una idea en un imperio global. Empresarios y pol\u00edticos, como Marta Ortega (Inditex) y la patronal catalana Foment, han elogiado su legado y lo han descrito como un \u00abvisionario\u00bb que supo poner en valor el talento local.<br><br><strong>Tragedia en el sendero<\/strong><br><br>El s\u00e1bado 14 de diciembre, Andic se encontraba en una excursi\u00f3n junto a su hijo mayor en Montserrat, cuando resbal\u00f3 y cay\u00f3 desde una altura de 150 metros. Aunque los servicios de emergencia acudieron r\u00e1pidamente, no pudieron salvarle. Seg\u00fan su hijo, hab\u00eda sido una jornada tranquila dedicada a una de sus pasiones: caminar en la naturaleza.<br><br><strong>El futuro de Mango tras Andic<\/strong><br><br>El futuro de Mango ahora recae en sus tres hijos, especialmente Jonathan Andic, quien ya desempe\u00f1aba un papel clave en la compa\u00f1\u00eda como presidente ejecutivo y responsable de la l\u00ednea masculina. Tambi\u00e9n ser\u00e1 crucial el apoyo de Tony Ruiz, consejero delegado y mano derecha de Isak, quien ha garantizado la continuidad de la visi\u00f3n del fundador.<br><br><strong>Reflexiones finales<\/strong><br><br>La muerte de Isak Andic marca el fin de una era para el sector empresarial espa\u00f1ol. Su enfoque innovador, \u00e9tica de trabajo y discreci\u00f3n en el liderazgo lo convirtieron en una figura \u00fanica. Aunque su ausencia ser\u00e1 profundamente sentida, su legado perdura en Mango, una empresa que refleja su esp\u00edritu emprendedor y su amor por la moda y el dise\u00f1o.<br><br>La vida de Andic nos deja una lecci\u00f3n sobre la capacidad de superar las adversidades, construir desde cero y mantener una visi\u00f3n clara hacia el \u00e9xito global, sin perder la conexi\u00f3n con las ra\u00edces. Su historia no solo inspira a los emprendedores, sino que tambi\u00e9n enriquece el panorama cultural y econ\u00f3mico de Espa\u00f1a.<\/p>\n","protected":false},"excerpt":{"rendered":"<p>Isak Andic, fundador de Mango y una figura destacada del sector empresarial espa\u00f1ol, falleci\u00f3 tr\u00e1gicamente el pasado 14 de diciembre de 2024 en un accidente mientras realizaba senderismo cerca de las cuevas de Collbat\u00f3, Barcelona. Con 71 a\u00f1os, su partida repentina deja un enorme vac\u00edo en el \u00e1mbito empresarial y un legado que transform\u00f3 la moda espa\u00f1ola <a href=\"https:\/\/rifpost.com\/es_es\/isak-andic-un-legado-de-exito-empresarial-marcado-por-la-tragedia\/\" class=\"read-more-link\">[Seguir leyendo&#8230;]<\/a><\/p>\n","protected":false},"author":2,"featured_media":0,"comment_status":"open","ping_status":"open","sticky":false,"template":"","format":"standard","meta":{"_monsterinsights_skip_tracking":false,"_monsterinsights_sitenote_active":false,"_monsterinsights_sitenote_note":"","_monsterinsights_sitenote_category":0,"_uf_show_specific_survey":0,"_uf_disable_surveys":false,"footnotes":""},"categories":[116,42,115],"tags":[941,939,947,945,957,935,955,940,952,936,942,958,959,946,954,956,933,948,943,953,934,937,951,950,960,938,949,944],"class_list":["post-453","post","type-post","status-publish","format-standard","hentry","category-economia","category-espana","category-opinion","tag-accidente-en-montserrat","tag-barcelona","tag-crecimiento-empresarial","tag-emprendimiento","tag-empresa-multinacional","tag-empresario-espanol","tag-empresarios-de-cataluna","tag-fallecimiento","tag-fortuna-de-isak-andic","tag-fundador-de-mango","tag-historia-de-exito","tag-historia-de-mango","tag-impacto-economico","tag-industria-de-la-moda","tag-innovacion-en-moda","tag-internacionalizacion","tag-isak-andic","tag-jonathan-andic","tag-legado-empresarial","tag-lider-empresarial","tag-mango","tag-moda-internacional","tag-premio-reino-de-espana","tag-reconocimiento-empresarial","tag-sector-moda-espanol","tag-sector-textil","tag-tony-ruiz","tag-vision-empresarial"],"aioseo_notices":[],"_links":{"self":[{"href":"https:\/\/rifpost.com\/es_es\/wp-json\/wp\/v2\/posts\/453","targetHints":{"allow":["GET"]}}],"collection":[{"href":"https:\/\/rifpost.com\/es_es\/wp-json\/wp\/v2\/posts"}],"about":[{"href":"https:\/\/rifpost.com\/es_es\/wp-json\/wp\/v2\/types\/post"}],"author":[{"embeddable":true,"href":"https:\/\/rifpost.com\/es_es\/wp-json\/wp\/v2\/users\/2"}],"replies":[{"embeddable":true,"href":"https:\/\/rifpost.com\/es_es\/wp-json\/wp\/v2\/comments?post=453"}],"version-history":[{"count":1,"href":"https:\/\/rifpost.com\/es_es\/wp-json\/wp\/v2\/posts\/453\/revisions"}],"predecessor-version":[{"id":454,"href":"https:\/\/rifpost.com\/es_es\/wp-json\/wp\/v2\/posts\/453\/revisions\/454"}],"wp:attachment":[{"href":"https:\/\/rifpost.com\/es_es\/wp-json\/wp\/v2\/media?parent=453"}],"wp:term":[{"taxonomy":"category","embeddable":true,"href":"https:\/\/rifpost.com\/es_es\/wp-json\/wp\/v2\/categories?post=453"},{"taxonomy":"post_tag","embeddable":true,"href":"https:\/\/rifpost.com\/es_es\/wp-json\/wp\/v2\/tags?post=453"}],"curies":[{"name":"wp","href":"https:\/\/api.w.org\/{rel}","templated":true}]}}