{"id":274,"date":"2024-11-26T19:28:55","date_gmt":"2024-11-26T19:28:55","guid":{"rendered":"https:\/\/rifpost.com\/es_es\/?p=274"},"modified":"2024-11-26T19:36:13","modified_gmt":"2024-11-26T19:36:13","slug":"el-suicidio-que-sacude-al-entorno-de-marlaska","status":"publish","type":"post","link":"https:\/\/rifpost.com\/es_es\/el-suicidio-que-sacude-al-entorno-de-marlaska\/","title":{"rendered":"El suicidio que sacude al entorno de Marlaska"},"content":{"rendered":"\n<pre class=\"wp-block-code\"><code><script type=\"text\/javascript\">\n\tatOptions = {\n\t\t'key' : '0bc61e3bdcf6fa9184f5fc65f935603c',\n\t\t'format' : 'iframe',\n\t\t'height' : 90,\n\t\t'width' : 728,\n\t\t'params' : {}\n\t};\n<\/script>\n<script type=\"text\/javascript\" src=\"\/\/sellinglitcedar.com\/0bc61e3bdcf6fa9184f5fc65f935603c\/invoke.js\"><\/script><\/code><\/pre>\n\n\n\n<p>La reciente noticia del suicidio de Daniel Belmar, exsubdirector general de Planificaci\u00f3n de la Secretar\u00eda de Estado de Seguridad, ha conmocionado a todos. Este suceso pone sobre la mesa un tema urgente: las enormes presiones que enfrentan quienes trabajan en el \u00e1mbito de la seguridad y los efectos devastadores que puede tener la falta de apoyo emocional.<br><br><strong>\u00bfQui\u00e9n era Daniel Belmar?<\/strong><br><br>Belmar desempe\u00f1\u00f3 un papel clave durante los meses m\u00e1s duros de la pandemia, gestionando contratos cr\u00edticos para la compra de material sanitario. Sin embargo, su nombre qued\u00f3 ligado al llamado Caso Koldo, un esc\u00e1ndalo que investiga posibles irregularidades en esas adjudicaciones. Aunque siempre defendi\u00f3 la transparencia de su trabajo, el escrutinio p\u00fablico, las investigaciones judiciales y las acusaciones de la oposici\u00f3n lo sometieron a una presi\u00f3n que, seg\u00fan allegados, podr\u00eda haber afectado su estado emocional.<br><br><strong>Un problema que va m\u00e1s all\u00e1 de un caso individual<\/strong><br><br>El suicidio de Belmar no es un hecho aislado. Desde 2020, <strong>95 miembros<\/strong> de las fuerzas de seguridad en Espa\u00f1a se han quitado la vida, un dato desgarrador que refleja una crisis silenciosa. La falta de recursos para tratar el estr\u00e9s laboral, sumada al estigma que a\u00fan rodea los problemas de salud mental, ha dejado a muchos profesionales desamparados.<br><br>Para entender la magnitud del problema, es importante recordar que los polic\u00edas y guardias civiles no solo lidian con la presi\u00f3n de su trabajo diario. Tambi\u00e9n deben enfrentarse a la falta de recursos internos para gestionar sus emociones, lo que los deja atrapados en una situaci\u00f3n dif\u00edcil.<br><br><strong>\u00bfQu\u00e9 podemos aprender de esta tragedia?<\/strong><br><br>El caso de Daniel Belmar deber\u00eda encender todas las alarmas. No basta con ofrecer apoyo psicol\u00f3gico reactivo cuando ya es tarde; es necesario implementar medidas preventivas. Talleres de gesti\u00f3n del estr\u00e9s, cuestionarios an\u00f3nimos para evaluar el estado emocional del personal, e incluso la creaci\u00f3n de equipos de apoyo especializados podr\u00edan marcar una gran diferencia.<br><br>Adem\u00e1s, los altos cargos implicados en investigaciones sensibles deber\u00edan contar con un protocolo de protecci\u00f3n emocional y legal que los respalde mientras cumplen con su deber.<br><br><strong>Reflexi\u00f3n final<\/strong><br><br>La p\u00e9rdida de Belmar es un recordatorio del enorme coste humano que implica trabajar en ambientes de alta presi\u00f3n. Es momento de que el Ministerio del Interior y el gobierno act\u00faen para garantizar que estas tragedias no vuelvan a repetirse. Nadie, ni en las fuerzas de seguridad ni en ning\u00fan otro \u00e1mbito, deber\u00eda sentirse desamparado frente al peso de sus responsabilidades.<\/p>\n\n\n\n<pre class=\"wp-block-code\"><code><script type=\"text\/javascript\">\n\tatOptions = {\n\t\t'key' : '0bc61e3bdcf6fa9184f5fc65f935603c',\n\t\t'format' : 'iframe',\n\t\t'height' : 90,\n\t\t'width' : 728,\n\t\t'params' : {}\n\t};\n<\/script>\n<script type=\"text\/javascript\" src=\"\/\/sellinglitcedar.com\/0bc61e3bdcf6fa9184f5fc65f935603c\/invoke.js\"><\/script><\/code><\/pre>\n\n\n\n<p><\/p>\n","protected":false},"excerpt":{"rendered":"<p>La reciente noticia del suicidio de Daniel Belmar, exsubdirector general de Planificaci\u00f3n de la Secretar\u00eda de Estado de Seguridad, ha conmocionado a todos. Este suceso pone sobre la mesa un tema urgente: las enormes presiones que enfrentan quienes trabajan en el \u00e1mbito de la seguridad y los efectos devastadores que puede tener la falta de apoyo emocional. <a href=\"https:\/\/rifpost.com\/es_es\/el-suicidio-que-sacude-al-entorno-de-marlaska\/\" class=\"read-more-link\">[Seguir leyendo&#8230;]<\/a><\/p>\n","protected":false},"author":2,"featured_media":273,"comment_status":"open","ping_status":"open","sticky":false,"template":"","format":"standard","meta":{"_monsterinsights_skip_tracking":false,"_monsterinsights_sitenote_active":false,"_monsterinsights_sitenote_note":"","_monsterinsights_sitenote_category":0,"_uf_show_specific_survey":0,"_uf_disable_surveys":false,"footnotes":""},"categories":[42,92,41],"tags":[435,43,438,427,436,428,432,433,431,437,430,426,429,434],"class_list":["post-274","post","type-post","status-publish","format-standard","has-post-thumbnail","hentry","category-espana","category-impactante","category-politica","tag-apoyo-emocional-policias","tag-caso-koldo","tag-caso-soluciones-de-gestion","tag-daniel-belmar-suicidio","tag-estres-laboral-fuerzas-de-seguridad","tag-fernando-grande-marlaska","tag-irregularidades-contratos-pandemia","tag-ministerio-del-interior-escandalo","tag-presion-laboral-interior","tag-prevencion-suicidio-interior","tag-salud-mental-interior","tag-suicidio-alto-cargo-interior","tag-suicidios-fuerzas-de-seguridad","tag-suicidios-policia-espana"],"aioseo_notices":[],"_links":{"self":[{"href":"https:\/\/rifpost.com\/es_es\/wp-json\/wp\/v2\/posts\/274","targetHints":{"allow":["GET"]}}],"collection":[{"href":"https:\/\/rifpost.com\/es_es\/wp-json\/wp\/v2\/posts"}],"about":[{"href":"https:\/\/rifpost.com\/es_es\/wp-json\/wp\/v2\/types\/post"}],"author":[{"embeddable":true,"href":"https:\/\/rifpost.com\/es_es\/wp-json\/wp\/v2\/users\/2"}],"replies":[{"embeddable":true,"href":"https:\/\/rifpost.com\/es_es\/wp-json\/wp\/v2\/comments?post=274"}],"version-history":[{"count":4,"href":"https:\/\/rifpost.com\/es_es\/wp-json\/wp\/v2\/posts\/274\/revisions"}],"predecessor-version":[{"id":279,"href":"https:\/\/rifpost.com\/es_es\/wp-json\/wp\/v2\/posts\/274\/revisions\/279"}],"wp:featuredmedia":[{"embeddable":true,"href":"https:\/\/rifpost.com\/es_es\/wp-json\/wp\/v2\/media\/273"}],"wp:attachment":[{"href":"https:\/\/rifpost.com\/es_es\/wp-json\/wp\/v2\/media?parent=274"}],"wp:term":[{"taxonomy":"category","embeddable":true,"href":"https:\/\/rifpost.com\/es_es\/wp-json\/wp\/v2\/categories?post=274"},{"taxonomy":"post_tag","embeddable":true,"href":"https:\/\/rifpost.com\/es_es\/wp-json\/wp\/v2\/tags?post=274"}],"curies":[{"name":"wp","href":"https:\/\/api.w.org\/{rel}","templated":true}]}}