{"id":122,"date":"2024-11-24T10:49:44","date_gmt":"2024-11-24T10:49:44","guid":{"rendered":"https:\/\/rifpost.com\/?p=122"},"modified":"2024-11-25T18:49:15","modified_gmt":"2024-11-25T18:49:15","slug":"victor-de-aldama-y-su-implicacion-en-el-caso-koldo-la-rapida-intervencion-del-abogado-defensor-ayudo-a-la-salida-precipitada-del-empresario","status":"publish","type":"post","link":"https:\/\/rifpost.com\/es_es\/victor-de-aldama-y-su-implicacion-en-el-caso-koldo-la-rapida-intervencion-del-abogado-defensor-ayudo-a-la-salida-precipitada-del-empresario\/","title":{"rendered":"V\u00edctor de Aldama y su implicaci\u00f3n en el caso Koldo: la r\u00e1pida intervenci\u00f3n del abogado defensor, ayud\u00f3 a la salida precipitada del empresario."},"content":{"rendered":"\n<pre class=\"wp-block-code\"><code><script type=\"text\/javascript\">\n\tatOptions = {\n\t\t'key' : '93a72148a4607f3169d7db2e3c123ef5',\n\t\t'format' : 'iframe',\n\t\t'height' : 50,\n\t\t'width' : 320,\n\t\t'params' : {}\n\t};\n<\/script>\n<script type=\"text\/javascript\" src=\"\/\/sellinglitcedar.com\/93a72148a4607f3169d7db2e3c123ef5\/invoke.js\"><\/script><\/code><\/pre>\n\n\n\n<p>En los \u00faltimos d\u00edas, V\u00edctor de Aldama, empresario espa\u00f1ol, ha acaparado titulares debido a su vinculaci\u00f3n con el llamado caso Koldo, una trama de corrupci\u00f3n que involucra actividades il\u00edcitas como fraude fiscal, blanqueo de capitales y sobornos. Seg\u00fan la Fiscal\u00eda, De Aldama habr\u00eda operado como un \u00abcomisionista\u00bb dentro de esta red, que incluye a otros empresarios y figuras pol\u00edticas destacadas. Su participaci\u00f3n en la supuesta defraudaci\u00f3n de m\u00e1s de 182 millones de euros ha llevado a su detenci\u00f3n junto a otros implicados.<br><br>El esquema investigado utilizaba empresas ficticias para evadir el pago del IVA en la comercializaci\u00f3n de hidrocarburos. Adem\u00e1s, durante su declaraci\u00f3n voluntaria en la Audiencia Nacional, De Aldama se\u00f1al\u00f3 a altos cargos del PSOE, incluyendo al exministro Jos\u00e9 Luis \u00c1balos, como receptores de presuntas comisiones ilegales relacionadas con adjudicaciones irregulares durante la pandemia.<br><br><strong>Contexto pol\u00edtico y empresarial<\/strong><br><br>El caso tiene implicaciones profundas debido a la conexi\u00f3n entre negocios legales, como la venta de combustible, y actividades delictivas que presuntamente contaminaron varias esferas gubernamentales. La declaraci\u00f3n de De Aldama ha generado un revuelo pol\u00edtico, con acusaciones que apuntan a figuras del entorno del gobierno de Pedro S\u00e1nchez, lo que pone en el centro del debate la relaci\u00f3n entre empresarios y altos funcionarios en Espa\u00f1a.<br><br><strong>Opini\u00f3n<\/strong><br><br>Este caso ilustra c\u00f3mo la corrupci\u00f3n puede encontrar terreno f\u00e9rtil en sectores regulados, aprovechando la complejidad de las operaciones econ\u00f3micas. Si bien las acusaciones son graves, el debido proceso legal debe ser prioritario para esclarecer responsabilidades sin caer en juicios apresurados. M\u00e1s all\u00e1 de los nombres implicados, lo fundamental ser\u00e1 fortalecer los mecanismos de transparencia y rendici\u00f3n de cuentas para evitar que se repitan esquemas de esta naturaleza.<\/p>\n\n\n\n<pre class=\"wp-block-code\"><code><\/code><\/pre>\n","protected":false},"excerpt":{"rendered":"<p>En los \u00faltimos d\u00edas, V\u00edctor de Aldama, empresario espa\u00f1ol, ha acaparado titulares debido a su vinculaci\u00f3n con el llamado caso Koldo, una trama de corrupci\u00f3n que involucra actividades il\u00edcitas como fraude fiscal, blanqueo de capitales y sobornos. Seg\u00fan la Fiscal\u00eda, De Aldama habr\u00eda operado como un \u00abcomisionista\u00bb dentro de esta red, que incluye a otros empresarios y <a href=\"https:\/\/rifpost.com\/es_es\/victor-de-aldama-y-su-implicacion-en-el-caso-koldo-la-rapida-intervencion-del-abogado-defensor-ayudo-a-la-salida-precipitada-del-empresario\/\" class=\"read-more-link\">[Seguir leyendo&#8230;]<\/a><\/p>\n","protected":false},"author":2,"featured_media":121,"comment_status":"open","ping_status":"open","sticky":false,"template":"","format":"standard","meta":{"_monsterinsights_skip_tracking":false,"_monsterinsights_sitenote_active":false,"_monsterinsights_sitenote_note":"","_monsterinsights_sitenote_category":0,"_uf_show_specific_survey":0,"_uf_disable_surveys":false,"footnotes":""},"categories":[42,41],"tags":[45,73,59,77,57,75,71,160,155,154,43,62,78,152,166,150,164,158,162,47,157,46,153,156,165,159,63,64,67,72,65,163,74,61,76,68,151,161,58,70,66,60,44,69],"class_list":["post-122","post","type-post","status-publish","format-standard","has-post-thumbnail","hentry","category-espana","category-politica","tag-abalos","tag-abogado-de-aldama","tag-aldama-caso-koldo","tag-aldama-juez-angel-victor-torres","tag-aldama-mitomano","tag-aldama-pide-declarar","tag-alejandro-entrambasaguas","tag-altos-cargos-psoe","tag-audiencia-nacional","tag-blanqueo-de-capitales","tag-caso-koldo","tag-caso-koldo-abalos","tag-cerdan","tag-comisiones-ilegales","tag-corrupcion-empresarial","tag-corrupcion-espana","tag-declaracion-judicial","tag-empresas-ficticias","tag-escandalo-politico","tag-espana","tag-evasion-de-iva","tag-fiscalia-anticorrupcion","tag-fraude-fiscal","tag-hidrocarburos","tag-impacto-politico","tag-jose-luis-abalos","tag-juez-pedraz","tag-koldo","tag-onda-cero-directo","tag-pedro-sanchez","tag-quien-es-victor-de-aldama","tag-red-de-sobornos","tag-santiago-pedraz","tag-santos-cerdan","tag-santos-cerdan-leon-onda-cero-en-directo","tag-the-objective","tag-trama-de-corrupcion","tag-transparencia-gubernamental","tag-victor-aldama","tag-victor-aldama-declaracion","tag-victor-aldama-quien-es","tag-victor-aldama-victor-de-aldama-quien-es","tag-victor-de-aldama","tag-victor-de-aldama-psoe"],"aioseo_notices":[],"_links":{"self":[{"href":"https:\/\/rifpost.com\/es_es\/wp-json\/wp\/v2\/posts\/122","targetHints":{"allow":["GET"]}}],"collection":[{"href":"https:\/\/rifpost.com\/es_es\/wp-json\/wp\/v2\/posts"}],"about":[{"href":"https:\/\/rifpost.com\/es_es\/wp-json\/wp\/v2\/types\/post"}],"author":[{"embeddable":true,"href":"https:\/\/rifpost.com\/es_es\/wp-json\/wp\/v2\/users\/2"}],"replies":[{"embeddable":true,"href":"https:\/\/rifpost.com\/es_es\/wp-json\/wp\/v2\/comments?post=122"}],"version-history":[{"count":2,"href":"https:\/\/rifpost.com\/es_es\/wp-json\/wp\/v2\/posts\/122\/revisions"}],"predecessor-version":[{"id":125,"href":"https:\/\/rifpost.com\/es_es\/wp-json\/wp\/v2\/posts\/122\/revisions\/125"}],"wp:featuredmedia":[{"embeddable":true,"href":"https:\/\/rifpost.com\/es_es\/wp-json\/wp\/v2\/media\/121"}],"wp:attachment":[{"href":"https:\/\/rifpost.com\/es_es\/wp-json\/wp\/v2\/media?parent=122"}],"wp:term":[{"taxonomy":"category","embeddable":true,"href":"https:\/\/rifpost.com\/es_es\/wp-json\/wp\/v2\/categories?post=122"},{"taxonomy":"post_tag","embeddable":true,"href":"https:\/\/rifpost.com\/es_es\/wp-json\/wp\/v2\/tags?post=122"}],"curies":[{"name":"wp","href":"https:\/\/api.w.org\/{rel}","templated":true}]}}